{"id":1327,"date":"2016-01-19T09:46:27","date_gmt":"2016-01-19T08:46:27","guid":{"rendered":"http:\/\/spd-stadtrat.de\/?p=1327"},"modified":"2016-01-19T09:46:27","modified_gmt":"2016-01-19T08:46:27","slug":"fahrradmitnahme-im-oepnv-antrag-der-spd-stadtratsfraktion","status":"publish","type":"post","link":"https:\/\/spd-stadtrat.de\/?p=1327","title":{"rendered":"Fahrradmitnahme im \u00d6PNV; Antrag der SPD-Stadtratsfraktion"},"content":{"rendered":"<p><strong><a href=\"http:\/\/spd-stadtrat.de\/wp-content\/uploads\/2015\/03\/IMG_1461.jpg\"><img loading=\"lazy\" class=\"alignleft size-medium wp-image-174\" src=\"http:\/\/spd-stadtrat.de\/wp-content\/uploads\/2015\/03\/IMG_1461-300x200.jpg\" alt=\"IMG_1461\" width=\"300\" height=\"200\" srcset=\"https:\/\/spd-stadtrat.de\/wp-content\/uploads\/2015\/03\/IMG_1461-300x200.jpg 300w, https:\/\/spd-stadtrat.de\/wp-content\/uploads\/2015\/03\/IMG_1461-1024x683.jpg 1024w, https:\/\/spd-stadtrat.de\/wp-content\/uploads\/2015\/03\/IMG_1461-600x400.jpg 600w\" sizes=\"(max-width: 300px) 100vw, 300px\" \/><\/a>Im Hinblick auf zuk\u00fcnftige Mobilit\u00e4tsstrategien in der Region Regensburg kommt der Vernetzung von verschiedenen Verkehrstr\u00e4gern eine besondere Rolle zu. So werden etwa die Park&amp;Ride-Parkpl\u00e4tze an den Bahnh\u00f6fen in der Region mittlerweile von tausenden von Pendlern t\u00e4glich in Anspruch genommen. Ein anderes Konzept der vernetzten Mobilit\u00e4t ist die M\u00f6glichkeit der Fahrradmitnahme im \u00d6PNV.<br \/>\n<\/strong><\/p>\n<p>Spannt man den \u00d6PNV und das Fahrrad zu einem Mobilit\u00e4tskonzept zusammen, so ergeben sich gro\u00dfe Vorteile. Zum einen werden Fahrradfahrer unabh\u00e4ngiger von Witterungseinfl\u00fcssen. Zum anderen erh\u00f6ht der \u00d6PNV stark seine Attraktivit\u00e4t, da mit dem Fahrrad die maximale Distanz zwischen Haltestelle und Reiseziel stark ausgedehnt werden kann.<\/p>\n<p><!--more--><br \/>\nAnders als beim RVV ist in anderen Bundesl\u00e4ndern und Verkehrsverb\u00fcnden, etwa dem N\u00fcrnberger VGN, die Fahrradmitnahme gegenw\u00e4rtig m\u00f6glich. Es kann also weder rechtliche noch sicherheitstechnische Hinderungsgr\u00fcnde f\u00fcr eine Fahrradmitnahme zu geben.<\/p>\n<p>&nbsp;<\/p>\n<figure id=\"attachment_105\" aria-describedby=\"caption-attachment-105\" style=\"width: 150px\" class=\"wp-caption alignright\"><a href=\"http:\/\/spd-stadtrat.de\/wp-content\/uploads\/2015\/03\/Kick.jpg\"><img loading=\"lazy\" class=\"size-thumbnail wp-image-105\" src=\"http:\/\/spd-stadtrat.de\/wp-content\/uploads\/2015\/03\/Kick-150x150.jpg\" alt=\"Dagmar Kick\" width=\"150\" height=\"150\" \/><\/a><figcaption id=\"caption-attachment-105\" class=\"wp-caption-text\">Dagmar Kick<\/figcaption><\/figure>\n<p>Grunds\u00e4tzlich sind ein Gro\u00dfteil der Verkehrsmittel, welche mit den Fahrscheinen des RVV genutzt werden k\u00f6nnen, von ihrer Bauart her f\u00fcr den Transport von Fahrr\u00e4dern grunds\u00e4tzlich geeignet. Zudem ist die Auslastung der meisten Verkehrsmittel so, dass eine Mitnahme von Fahrr\u00e4dern vereinbar mit einem reibungslosen Betriebsablauf ist. Um diesen zu gew\u00e4hrleisten, soll eine Fahrradmitnahme &#8211; analog zu Regelung im VGN &#8211; aber nur dann m\u00f6glich sein, wenn dadurch keine anderen Reisenden, insbesondere diejenigen, welche auf Hilfsmittel wie Rollator oder Rollstuhl angewiesen sind oder die einen Kinderwagen mit sich f\u00fchren, beeintr\u00e4chtigt werden.<\/p>\n<p>&nbsp;<\/p>\n<figure id=\"attachment_102\" aria-describedby=\"caption-attachment-102\" style=\"width: 150px\" class=\"wp-caption alignright\"><a href=\"http:\/\/spd-stadtrat.de\/wp-content\/uploads\/2015\/03\/Hammerl.jpg\"><img loading=\"lazy\" class=\"size-thumbnail wp-image-102\" src=\"http:\/\/spd-stadtrat.de\/wp-content\/uploads\/2015\/03\/Hammerl-150x150.jpg\" alt=\"\" width=\"150\" height=\"150\" \/><\/a><figcaption id=\"caption-attachment-102\" class=\"wp-caption-text\">Dr. Tobias Hammerl<\/figcaption><\/figure>\n<p>Wir haben deshalb beantragt die Verwaltung zu\u00a0beauftragen, in Verhandlungen mit dem RVV zu pr\u00fcfen, ob die Allgemeinen Bef\u00f6rderungsbedingungen des RVV im Rahmen einer zw\u00f6lfmonatigen Erprobungsphase dahingehend ge\u00e4ndert werden k\u00f6nnen, dass Inhabern einer g\u00fcltigen Zeitkarte die Fahrradmitnahme generell unentgeltlich erlaubt wird. Lediglich in Hauptverkehrszeiten oder bei Platzmangel sollte es dann im Ausnahmefall nicht m\u00f6glich sein ein Fahrrad mitzuf\u00fchren.<\/p>\n<p>&nbsp;<\/p>\n<p>&nbsp;<\/p>\n<figure id=\"attachment_96\" aria-describedby=\"caption-attachment-96\" style=\"width: 150px\" class=\"wp-caption alignright\"><a href=\"http:\/\/spd-stadtrat.de\/wp-content\/uploads\/2015\/03\/wild.jpg\"><img loading=\"lazy\" class=\"size-thumbnail wp-image-96\" src=\"http:\/\/spd-stadtrat.de\/wp-content\/uploads\/2015\/03\/wild-150x150.jpg\" alt=\"Margit Wild\" width=\"150\" height=\"150\" \/><\/a><figcaption id=\"caption-attachment-96\" class=\"wp-caption-text\">Margit Wild<\/figcaption><\/figure>\n<p>Zudem k\u00f6nnte ggf. darauf hingewirkt werden, dass zuk\u00fcnftig zu beschaffende Busse generell f\u00fcr den Transport von Fahrr\u00e4dern, im Idealfall mit Au\u00dfentr\u00e4gern wie sie in den USA und der Schweiz zum Einsatz kommen, geeignet sind. So bietet zum Beispiel ein gro\u00dfer deutscher Bushersteller schon heute einen Linienbus auch mit einem Hecktr\u00e4ger f\u00fcr bis zu f\u00fcnf Fahrr\u00e4der an. Beim Einsatz dieser Busse be- und entl\u00e4dt der Fahrgast selbstst\u00e4ndig sein Fahrrad, es entsteht kein h\u00f6herer Aufwand f\u00fcr den Fahrer.<\/p>\n<p>&nbsp;<br \/>\nInitiative:<br \/>\nStadtrat Dr. Tobias Hammerl,\u00a0Stadtr\u00e4tin Dagmar Kick und\u00a0Stadtr\u00e4tin Margit Wild (MdL)<\/p>\n<p>&nbsp;<\/p>\n","protected":false},"excerpt":{"rendered":"<p>Im Hinblick auf zuk\u00fcnftige Mobilit\u00e4tsstrategien in der Region Regensburg kommt der Vernetzung von verschiedenen Verkehrstr\u00e4gern eine besondere Rolle zu. So werden etwa die Park&amp;Ride-Parkpl\u00e4tze an den Bahnh\u00f6fen in der Region mittlerweile von tausenden von Pendlern t\u00e4glich in Anspruch genommen. Ein<\/p>\n","protected":false},"author":6,"featured_media":0,"comment_status":"closed","ping_status":"open","sticky":false,"template":"","format":"standard","meta":{"ngg_post_thumbnail":0},"categories":[1],"tags":[],"jetpack_featured_media_url":"","_links":{"self":[{"href":"https:\/\/spd-stadtrat.de\/index.php?rest_route=\/wp\/v2\/posts\/1327"}],"collection":[{"href":"https:\/\/spd-stadtrat.de\/index.php?rest_route=\/wp\/v2\/posts"}],"about":[{"href":"https:\/\/spd-stadtrat.de\/index.php?rest_route=\/wp\/v2\/types\/post"}],"author":[{"embeddable":true,"href":"https:\/\/spd-stadtrat.de\/index.php?rest_route=\/wp\/v2\/users\/6"}],"replies":[{"embeddable":true,"href":"https:\/\/spd-stadtrat.de\/index.php?rest_route=%2Fwp%2Fv2%2Fcomments&post=1327"}],"version-history":[{"count":16,"href":"https:\/\/spd-stadtrat.de\/index.php?rest_route=\/wp\/v2\/posts\/1327\/revisions"}],"predecessor-version":[{"id":1605,"href":"https:\/\/spd-stadtrat.de\/index.php?rest_route=\/wp\/v2\/posts\/1327\/revisions\/1605"}],"wp:attachment":[{"href":"https:\/\/spd-stadtrat.de\/index.php?rest_route=%2Fwp%2Fv2%2Fmedia&parent=1327"}],"wp:term":[{"taxonomy":"category","embeddable":true,"href":"https:\/\/spd-stadtrat.de\/index.php?rest_route=%2Fwp%2Fv2%2Fcategories&post=1327"},{"taxonomy":"post_tag","embeddable":true,"href":"https:\/\/spd-stadtrat.de\/index.php?rest_route=%2Fwp%2Fv2%2Ftags&post=1327"}],"curies":[{"name":"wp","href":"https:\/\/api.w.org\/{rel}","templated":true}]}}