{"id":1553,"date":"2016-01-12T09:08:14","date_gmt":"2016-01-12T08:08:14","guid":{"rendered":"http:\/\/spd-stadtrat.de\/?p=1553"},"modified":"2016-01-12T09:08:14","modified_gmt":"2016-01-12T08:08:14","slug":"umbau-und-erweiterung-des-feuerwehrgeraetehauses-des-lz-winzer","status":"publish","type":"post","link":"https:\/\/spd-stadtrat.de\/?p=1553","title":{"rendered":"Umbau und Erweiterung des Feuerwehrger\u00e4tehauses des LZ Winzer"},"content":{"rendered":"<p><a href=\"http:\/\/spd-stadtrat.de\/wp-content\/uploads\/2016\/01\/FFW-Winzer-31.jpg\"><img loading=\"lazy\" class=\"size-medium wp-image-1564 alignright\" src=\"http:\/\/spd-stadtrat.de\/wp-content\/uploads\/2016\/01\/FFW-Winzer-31-300x155.jpg\" alt=\"FFW Winzer\" width=\"300\" height=\"155\" srcset=\"https:\/\/spd-stadtrat.de\/wp-content\/uploads\/2016\/01\/FFW-Winzer-31-300x155.jpg 300w, https:\/\/spd-stadtrat.de\/wp-content\/uploads\/2016\/01\/FFW-Winzer-31-1024x528.jpg 1024w, https:\/\/spd-stadtrat.de\/wp-content\/uploads\/2016\/01\/FFW-Winzer-31-600x309.jpg 600w, https:\/\/spd-stadtrat.de\/wp-content\/uploads\/2016\/01\/FFW-Winzer-31.jpg 1172w\" sizes=\"(max-width: 300px) 100vw, 300px\" \/><\/a>Die Koalitionsfraktionen und Stadtr\u00e4tin Lorenz haben beantragt im Rahmen der geplanten Bauma\u00dfnahmen f\u00fcr den LZ Winzer am Feuerwehrger\u00e4tehaus an der N\u00fcrnberger Stra\u00dfe folgende Ma\u00dfnahmen mit zu ber\u00fccksichtigen:<\/p>\n<ol>\n<li>Die Errichtung einer Stiefelwaschanlege (Kosten ca. 1.500 Euro)<\/li>\n<li>Die Installation eines Unterflurhydranten zur Bef\u00fcllung der Tankl\u00f6schfahrzeuge (Kosten ca. 9.000 Euro).<\/li>\n<li>Eine gr\u00f6\u00dfere Torh\u00f6he, die das Feuerwehrger\u00e4tehaus auch f\u00fcr k\u00fcnftige Fahrzeuggenerationen vorbereitet (Kosten ca. 6.000 Euro).<\/li>\n<\/ol>\n<p><!--more--><\/p>\n<p>Begr\u00fcndung:<\/p>\n<p>Nach Auskunft des LZ-F\u00fchrers und 1. Vorsitzenden des LZ Winzer und der FF Winzer e.V. ist derzeit ein Umbau und eine Erweiterung des Feuerwehrger\u00e4tehauses in Winzer mit einem Kostenvolumen von rd. 536.000 Euro geplant.<\/p>\n<p>Aus Sicht des LZ Winzer w\u00e4ren erg\u00e4nzend zu den st\u00e4dtischen Planungen die o.g. zus\u00e4tzlichen Ma\u00dfnahmen sinnvoll.<\/p>\n<p>Die Mitglieder der Koalition schlie\u00dfen sich dieser Auffassung des LZ Winzer an und bef\u00fcrworten, insbesondere auch mit Blick auf die nicht unerheblichen Eigenleistungen des LZ im Rahmen der anstehenden Bauma\u00dfnahme und die im Raum stehende \u00dcberlassung der vom LZ Winzer fr\u00fcher selbst finanzierten Fahrzeuggaragen an das Gartenamt die Aufnahme dieser zus\u00e4tzlichen sinnvollen Ma\u00dfnahmen in den Beschluss zu Umbau und Erweiterung des Feuerwehrhauses in Winzer.<\/p>\n<p style=\"text-align: left;\">f\u00fcr die SPD<br \/>\nNorbert Hartl, Fraktionsvorsitzender<\/p>\n<p style=\"text-align: left;\">f\u00fcr B\u00fcndnis90\/die Gr\u00fcnen<br \/>\nMargit Kunc, Fraktionsvorsitzende<\/p>\n<p style=\"text-align: left;\">f\u00fcr die FWR<br \/>\nLudwig Artinger,\u00a0Fraktionsvorsitzender<\/p>\n<p>f\u00fcr die FDP<br \/>\nHorst Meierhofer, Fraktionsvorsitzender<\/p>\n<p style=\"text-align: left;\">f\u00fcr die Piraten<br \/>\nTina Lorenz,\u00a0Stadtr\u00e4tin<\/p>\n","protected":false},"excerpt":{"rendered":"<p>Die Koalitionsfraktionen und Stadtr\u00e4tin Lorenz haben beantragt im Rahmen der geplanten Bauma\u00dfnahmen f\u00fcr den LZ Winzer am Feuerwehrger\u00e4tehaus an der N\u00fcrnberger Stra\u00dfe folgende Ma\u00dfnahmen mit zu ber\u00fccksichtigen: Die Errichtung einer Stiefelwaschanlege (Kosten ca. 1.500 Euro) Die Installation eines Unterflurhydranten zur<\/p>\n","protected":false},"author":6,"featured_media":0,"comment_status":"closed","ping_status":"open","sticky":false,"template":"","format":"standard","meta":{"ngg_post_thumbnail":0},"categories":[1],"tags":[],"jetpack_featured_media_url":"","_links":{"self":[{"href":"https:\/\/spd-stadtrat.de\/index.php?rest_route=\/wp\/v2\/posts\/1553"}],"collection":[{"href":"https:\/\/spd-stadtrat.de\/index.php?rest_route=\/wp\/v2\/posts"}],"about":[{"href":"https:\/\/spd-stadtrat.de\/index.php?rest_route=\/wp\/v2\/types\/post"}],"author":[{"embeddable":true,"href":"https:\/\/spd-stadtrat.de\/index.php?rest_route=\/wp\/v2\/users\/6"}],"replies":[{"embeddable":true,"href":"https:\/\/spd-stadtrat.de\/index.php?rest_route=%2Fwp%2Fv2%2Fcomments&post=1553"}],"version-history":[{"count":10,"href":"https:\/\/spd-stadtrat.de\/index.php?rest_route=\/wp\/v2\/posts\/1553\/revisions"}],"predecessor-version":[{"id":1566,"href":"https:\/\/spd-stadtrat.de\/index.php?rest_route=\/wp\/v2\/posts\/1553\/revisions\/1566"}],"wp:attachment":[{"href":"https:\/\/spd-stadtrat.de\/index.php?rest_route=%2Fwp%2Fv2%2Fmedia&parent=1553"}],"wp:term":[{"taxonomy":"category","embeddable":true,"href":"https:\/\/spd-stadtrat.de\/index.php?rest_route=%2Fwp%2Fv2%2Fcategories&post=1553"},{"taxonomy":"post_tag","embeddable":true,"href":"https:\/\/spd-stadtrat.de\/index.php?rest_route=%2Fwp%2Fv2%2Ftags&post=1553"}],"curies":[{"name":"wp","href":"https:\/\/api.w.org\/{rel}","templated":true}]}}