{"id":1582,"date":"2016-01-20T07:59:39","date_gmt":"2016-01-20T06:59:39","guid":{"rendered":"http:\/\/spd-stadtrat.de\/?p=1582"},"modified":"2016-01-20T13:19:13","modified_gmt":"2016-01-20T12:19:13","slug":"antrag-solarleuchten-zur-gehwegbeleuchtung-zwischen-bushaltestelle-karl-stieler-strasse-und-kurt-tucholsky-berthold-brecht-weg","status":"publish","type":"post","link":"https:\/\/spd-stadtrat.de\/?p=1582","title":{"rendered":"Antrag &#8211; Solarleuchten zur Gehwegbeleuchtung zwischen Bushaltestelle Karl-Stieler-Stra\u00dfe und Kurt-Tucholsky-\/Berthold-Brecht-Weg"},"content":{"rendered":"<figure id=\"attachment_1609\" aria-describedby=\"caption-attachment-1609\" style=\"width: 214px\" class=\"wp-caption alignright\"><a href=\"http:\/\/spd-stadtrat.de\/wp-content\/uploads\/2016\/01\/Solarleuchten-Moetzing.jpg\"><img loading=\"lazy\" class=\"size-medium wp-image-1609\" src=\"http:\/\/spd-stadtrat.de\/wp-content\/uploads\/2016\/01\/Solarleuchten-Moetzing-214x300.jpg\" alt=\"Solarleuchte\" width=\"214\" height=\"300\" srcset=\"https:\/\/spd-stadtrat.de\/wp-content\/uploads\/2016\/01\/Solarleuchten-Moetzing-214x300.jpg 214w, https:\/\/spd-stadtrat.de\/wp-content\/uploads\/2016\/01\/Solarleuchten-Moetzing.jpg 595w\" sizes=\"(max-width: 214px) 100vw, 214px\" \/><\/a><figcaption id=\"caption-attachment-1609\" class=\"wp-caption-text\">Solarleuchte<\/figcaption><\/figure>\n<p>Die SPD Stadtratsfraktion hat beantragt das\u00a0 Thema Solarleuchten zur Gehwegbeleuchtung zwischen Bushaltestelle Karl-Stieler-Stra\u00dfe und Kurt-Tucholsky-\/Berthold-Brecht-Weg im zust\u00e4ndigen Stadtratsgremium zur Beratung vorzulegen und folgenden Beschlussvorschlag zur Abstimmung zu stellen:<\/p>\n<p>\u201eDie Verwaltung wird beauftragt eine Beleuchtung des Fu\u00dfwegs zwischen der Bushaltestelle Karl-Stieler-Stra\u00dfe und dem Kurt-Tucholsky-Weg bzw. Berthold-Brecht-Weg im Jahr 2016 unter Verwendung von Solarleuchten zu planen und zu realisieren.\u201c<\/p>\n<p>Begr\u00fcndung<\/p>\n<p>Der Fu\u00dfweg, der von der Bushaltestelle den direkten Weg zu den Wohnungen im Kurt-Tucholsky-Weg bzw. den Berthold-Brecht-Weg bildet, ist nicht beleuchtet und zudem von beiden Seiten bewachsen, so dass hier ein Angstraum entsteht. Der Umweg \u00fcber ausgeleuchtete Wegeverbindungen, der f\u00fcr die Anwohnerinnen und Anwohner entsteht, ist sehr gro\u00df und dem \u00d6PNV nicht f\u00f6rderlich.<!--more--><\/p>\n<p>Nachdem die Verwaltung bei einer \u00dcberpr\u00fcfung im Herbst letzten Jahres festgestellt hat, dass unsere Argumentation gerechtfertigt ist, da es sich um einen Weg mit wichtiger Ziel- und Quellbeziehung handelt scheint eine umgehende Realisierung geboten.<\/p>\n<p>Die von der Verwaltung in einer ersten Pr\u00fcfung offenbar angenommen Kosten im h\u00f6heren 5-stelligen Bereich, die eine Realisierung erst \u00fcber das Investitionsprogramm 2020 erm\u00f6glichen w\u00fcrde halten wir f\u00fcr \u00fcberzogen.<\/p>\n<p>Mit unserem Vorschlag, eine kosteng\u00fcnstige Solarbeleuchtung zu w\u00e4hlen nehmen wir Bezug auf die Erfahrungen der Gemeinde M\u00f6tzing (Lkrs. Regensburg). Diese leuchtet seit Mai 2014 einen Radweg von M\u00f6tzing nach S\u00fcnching mit Solarleuchten aus und hat mit den Leuchten sehr gute Erfahrungen gemacht. Die dort verwendeten Leuchten haben \u00fcber den eingebauten Akku auch bei Nebel und bedecktem Himmel eine ausreichende Kapazit\u00e4t.<\/p>\n<figure id=\"attachment_95\" aria-describedby=\"caption-attachment-95\" style=\"width: 150px\" class=\"wp-caption alignright\"><a href=\"http:\/\/spd-stadtrat.de\/wp-content\/uploads\/2015\/03\/Vogel.jpg\"><img loading=\"lazy\" class=\"size-thumbnail wp-image-95\" src=\"http:\/\/spd-stadtrat.de\/wp-content\/uploads\/2015\/03\/Vogel-150x150.jpg\" alt=\"Katja Vogel\" width=\"150\" height=\"150\" \/><\/a><figcaption id=\"caption-attachment-95\" class=\"wp-caption-text\">Katja Vogel<\/figcaption><\/figure>\n<figure id=\"attachment_118\" aria-describedby=\"caption-attachment-118\" style=\"width: 150px\" class=\"wp-caption alignleft\"><a href=\"http:\/\/spd-stadtrat.de\/wp-content\/uploads\/2015\/03\/icon-hartl-081.jpg\"><img loading=\"lazy\" class=\"size-thumbnail wp-image-118\" src=\"http:\/\/spd-stadtrat.de\/wp-content\/uploads\/2015\/03\/icon-hartl-081-150x150.jpg\" alt=\"\" width=\"150\" height=\"150\" \/><\/a><figcaption id=\"caption-attachment-118\" class=\"wp-caption-text\">Norbert Hartl<\/figcaption><\/figure>\n<p style=\"text-align: center;\">Norbert Hartl<br \/>\nFraktionsvorsitzender<\/p>\n<p style=\"text-align: center;\">Initiative: \u00a0Katja Vogel, Stadtr\u00e4tin<\/p>\n","protected":false},"excerpt":{"rendered":"<p>Die SPD Stadtratsfraktion hat beantragt das\u00a0 Thema Solarleuchten zur Gehwegbeleuchtung zwischen Bushaltestelle Karl-Stieler-Stra\u00dfe und Kurt-Tucholsky-\/Berthold-Brecht-Weg im zust\u00e4ndigen Stadtratsgremium zur Beratung vorzulegen und folgenden Beschlussvorschlag zur Abstimmung zu stellen: \u201eDie Verwaltung wird beauftragt eine Beleuchtung des Fu\u00dfwegs zwischen der Bushaltestelle Karl-Stieler-Stra\u00dfe<\/p>\n","protected":false},"author":6,"featured_media":0,"comment_status":"closed","ping_status":"open","sticky":false,"template":"","format":"standard","meta":{"ngg_post_thumbnail":0},"categories":[1],"tags":[],"jetpack_featured_media_url":"","_links":{"self":[{"href":"https:\/\/spd-stadtrat.de\/index.php?rest_route=\/wp\/v2\/posts\/1582"}],"collection":[{"href":"https:\/\/spd-stadtrat.de\/index.php?rest_route=\/wp\/v2\/posts"}],"about":[{"href":"https:\/\/spd-stadtrat.de\/index.php?rest_route=\/wp\/v2\/types\/post"}],"author":[{"embeddable":true,"href":"https:\/\/spd-stadtrat.de\/index.php?rest_route=\/wp\/v2\/users\/6"}],"replies":[{"embeddable":true,"href":"https:\/\/spd-stadtrat.de\/index.php?rest_route=%2Fwp%2Fv2%2Fcomments&post=1582"}],"version-history":[{"count":10,"href":"https:\/\/spd-stadtrat.de\/index.php?rest_route=\/wp\/v2\/posts\/1582\/revisions"}],"predecessor-version":[{"id":1610,"href":"https:\/\/spd-stadtrat.de\/index.php?rest_route=\/wp\/v2\/posts\/1582\/revisions\/1610"}],"wp:attachment":[{"href":"https:\/\/spd-stadtrat.de\/index.php?rest_route=%2Fwp%2Fv2%2Fmedia&parent=1582"}],"wp:term":[{"taxonomy":"category","embeddable":true,"href":"https:\/\/spd-stadtrat.de\/index.php?rest_route=%2Fwp%2Fv2%2Fcategories&post=1582"},{"taxonomy":"post_tag","embeddable":true,"href":"https:\/\/spd-stadtrat.de\/index.php?rest_route=%2Fwp%2Fv2%2Ftags&post=1582"}],"curies":[{"name":"wp","href":"https:\/\/api.w.org\/{rel}","templated":true}]}}