{"id":1615,"date":"2016-01-21T15:55:44","date_gmt":"2016-01-21T14:55:44","guid":{"rendered":"http:\/\/spd-stadtrat.de\/?p=1615"},"modified":"2016-01-25T07:55:09","modified_gmt":"2016-01-25T06:55:09","slug":"verbesserung-der-verkehrsverhaeltnisse-in-harting","status":"publish","type":"post","link":"https:\/\/spd-stadtrat.de\/?p=1615","title":{"rendered":"Verbesserung der Verkehrsverh\u00e4ltnisse in Harting"},"content":{"rendered":"<figure id=\"attachment_1617\" aria-describedby=\"caption-attachment-1617\" style=\"width: 300px\" class=\"wp-caption alignright\"><a href=\"http:\/\/spd-stadtrat.de\/wp-content\/uploads\/2016\/01\/Harting.jpg\"><img loading=\"lazy\" class=\"size-medium wp-image-1617\" src=\"http:\/\/spd-stadtrat.de\/wp-content\/uploads\/2016\/01\/Harting-300x178.jpg\" alt=\"Quelle: Amtl. Stadtplan der Stadt Regensburg\" width=\"300\" height=\"178\" srcset=\"https:\/\/spd-stadtrat.de\/wp-content\/uploads\/2016\/01\/Harting-300x178.jpg 300w, https:\/\/spd-stadtrat.de\/wp-content\/uploads\/2016\/01\/Harting-600x356.jpg 600w, https:\/\/spd-stadtrat.de\/wp-content\/uploads\/2016\/01\/Harting.jpg 918w\" sizes=\"(max-width: 300px) 100vw, 300px\" \/><\/a><figcaption id=\"caption-attachment-1617\" class=\"wp-caption-text\">Quelle: Stadtplan der Stadt Regensburg<\/figcaption><\/figure>\n<p style=\"text-align: left;\">In seiner letzten Sitzung hat sich der Stadtplanungsausschuss mit den Verkehrsverh\u00e4ltnissen in Harting befasst und dabei einige Verbesserungen f\u00fcr die Anwohner auf den Weg gebracht.<\/p>\n<ul>\n<li>So wird zwischen der Emmy-Noether-Stra\u00dfe und Ortstafel Harting Tempo 50 angeordnet.<\/li>\n<li>Mittel- bis langfristig werden die Busbuchten barrierefrei zu Haltestellenkaps umgebaut.<\/li>\n<li>Der Stra\u00dfenraum der Burgweintinger- und der Neutraublinger Stra\u00dfe wird bei anstehenden Unterhalts- und Ausbauma\u00dfnahmen verkehrsberuhigt gestaltet, damit Tempo 30 besser eingehalten und die Ortsdurchfahrt f\u00fcr den Durchgangsverkehr weniger attraktiv wird.<\/li>\n<li>An der Einm\u00fcndung Herbert-Quandt-Allee, Neutraublinger Stra\u00dfe wird eine Querungshilfe f\u00fcr Radfahrer und Fu\u00dfg\u00e4nger gepr\u00fcft.<\/li>\n<\/ul>\n<p><!--more--><\/p>\n<p><a href=\"http:\/\/spd-stadtrat.de\/wp-content\/uploads\/2015\/03\/icon-hartl-082.jpg\"><img loading=\"lazy\" class=\"alignleft size-thumbnail wp-image-119\" src=\"http:\/\/spd-stadtrat.de\/wp-content\/uploads\/2015\/03\/icon-hartl-082-150x150.jpg\" alt=\"\" width=\"150\" height=\"150\" \/><\/a>Zus\u00e4tzlich wird auf unseren Vorschlag hin ein Linksabbiegeverbot f\u00fcr LKW von der Rathenaustra\u00dfe in die Burgweintinger Stra\u00dfe probeweise f\u00fcr ein Jahr angeordnet und die Ampelschaltung von der Herbert-Quandt-Allee in die Staatsstra\u00dfe (Walhalla Stra\u00dfe, Neutraubling) mit der Stra\u00dfenbauverwaltung auf Verbesserungsm\u00f6glichkeiten untersucht.<\/p>\n<p>Norbert Hartl<br \/>\nFraktionsvorsitzender<\/p>\n","protected":false},"excerpt":{"rendered":"<p>In seiner letzten Sitzung hat sich der Stadtplanungsausschuss mit den Verkehrsverh\u00e4ltnissen in Harting befasst und dabei einige Verbesserungen f\u00fcr die Anwohner auf den Weg gebracht. So wird zwischen der Emmy-Noether-Stra\u00dfe und Ortstafel Harting Tempo 50 angeordnet. Mittel- bis langfristig werden<\/p>\n","protected":false},"author":6,"featured_media":0,"comment_status":"closed","ping_status":"open","sticky":false,"template":"","format":"standard","meta":{"ngg_post_thumbnail":0},"categories":[1],"tags":[],"jetpack_featured_media_url":"","_links":{"self":[{"href":"https:\/\/spd-stadtrat.de\/index.php?rest_route=\/wp\/v2\/posts\/1615"}],"collection":[{"href":"https:\/\/spd-stadtrat.de\/index.php?rest_route=\/wp\/v2\/posts"}],"about":[{"href":"https:\/\/spd-stadtrat.de\/index.php?rest_route=\/wp\/v2\/types\/post"}],"author":[{"embeddable":true,"href":"https:\/\/spd-stadtrat.de\/index.php?rest_route=\/wp\/v2\/users\/6"}],"replies":[{"embeddable":true,"href":"https:\/\/spd-stadtrat.de\/index.php?rest_route=%2Fwp%2Fv2%2Fcomments&post=1615"}],"version-history":[{"count":4,"href":"https:\/\/spd-stadtrat.de\/index.php?rest_route=\/wp\/v2\/posts\/1615\/revisions"}],"predecessor-version":[{"id":1620,"href":"https:\/\/spd-stadtrat.de\/index.php?rest_route=\/wp\/v2\/posts\/1615\/revisions\/1620"}],"wp:attachment":[{"href":"https:\/\/spd-stadtrat.de\/index.php?rest_route=%2Fwp%2Fv2%2Fmedia&parent=1615"}],"wp:term":[{"taxonomy":"category","embeddable":true,"href":"https:\/\/spd-stadtrat.de\/index.php?rest_route=%2Fwp%2Fv2%2Fcategories&post=1615"},{"taxonomy":"post_tag","embeddable":true,"href":"https:\/\/spd-stadtrat.de\/index.php?rest_route=%2Fwp%2Fv2%2Ftags&post=1615"}],"curies":[{"name":"wp","href":"https:\/\/api.w.org\/{rel}","templated":true}]}}