{"id":1650,"date":"2016-02-26T07:15:34","date_gmt":"2016-02-26T06:15:34","guid":{"rendered":"http:\/\/spd-stadtrat.de\/?p=1650"},"modified":"2016-02-26T07:15:34","modified_gmt":"2016-02-26T06:15:34","slug":"sozialdemokraten-wollen-mehr-bezahlbaren-wohnraum-foerdern","status":"publish","type":"post","link":"https:\/\/spd-stadtrat.de\/?p=1650","title":{"rendered":"Sozialdemokraten wollen mehr bezahlbaren Wohnraum f\u00f6rdern"},"content":{"rendered":"<figure id=\"attachment_1657\" aria-describedby=\"caption-attachment-1657\" style=\"width: 300px\" class=\"wp-caption alignright\"><a href=\"http:\/\/spd-stadtrat.de\/wp-content\/uploads\/2016\/02\/2016-02-20-Wuerzburg.jpg\"><img loading=\"lazy\" class=\"size-medium wp-image-1657\" src=\"http:\/\/spd-stadtrat.de\/wp-content\/uploads\/2016\/02\/2016-02-20-Wuerzburg-300x225.jpg\" alt=\"Netzwerktreffen in W\u00fcrzburg\" width=\"300\" height=\"225\" srcset=\"https:\/\/spd-stadtrat.de\/wp-content\/uploads\/2016\/02\/2016-02-20-Wuerzburg-300x225.jpg 300w, https:\/\/spd-stadtrat.de\/wp-content\/uploads\/2016\/02\/2016-02-20-Wuerzburg-600x450.jpg 600w, https:\/\/spd-stadtrat.de\/wp-content\/uploads\/2016\/02\/2016-02-20-Wuerzburg.jpg 800w\" sizes=\"(max-width: 300px) 100vw, 300px\" \/><\/a><figcaption id=\"caption-attachment-1657\" class=\"wp-caption-text\">Netzwerktreffen in W\u00fcrzburg<\/figcaption><\/figure>\n<p>Aus diesem Grund hat sich der neu gegr\u00fcndete Arbeitskreis \u201eGro\u00dfe St\u00e4dte\u201c der Sozialdemokratischen Gemeinschaft f\u00fcr Kommunalpolitik in Bayern (SGK) bei seinem ersten Netzwerktreffen in W\u00fcrzburg mit der Entwicklung von Ansatzpunkten zu mehr bezahlbarem Wohnraum befasst.<\/p>\n<p>Der Arbeitskreis \u201eGro\u00dfe St\u00e4dte\u201c der SGK Bayern besteht aus den SPD-Fraktionen der bayerischen St\u00e4dte \u00fcber 100.000 Einwohner.<\/p>\n<p>\u201eBezahlbarer Wohnraum ist besonders in den Gro\u00dfst\u00e4dten Mangelware.\u201c Dass dieser Satz nicht nur f\u00fcr Regensburg gilt konnten unser Fraktionsmitglieder Katja Vogel und Evelyn Kolbe-Stockert; beide Mitglied im Aufsichtsrats der Stadtbau GmbH, feststellen als sie mit zahlreichen Anregungen vom Arbeitskreis \u201eGro\u00dfe St\u00e4dte\u201c der SGK in Bayern, der erstmals in W\u00fcrzburg tagte zur\u00fcckkehrten.<\/p>\n<p>Alexander Kolbow, Vorsitzender der SPD-Fraktion in W\u00fcrzburg, hatte zu dem Treffen nach W\u00fcrzburg eingeladen. \u201eW\u00fcrzburg ist als Universit\u00e4tsstadt mit rund 30.000 Studenten von Wohnraummangel stark betroffen. Ursache daf\u00fcr ist auch, dass es in den vergangenen 30 Jahren nur wenig Neubaut\u00e4tigkeit gab\u201c, so Kolbow. Derzeit entwickelt die Stadt W\u00fcrzburg die ehemalige Kaserne der amerikanischen Streitkr\u00e4fte zu einem Stadtteil f\u00fcr rund 5.000 Einwohner.<\/p>\n<p><!--more--><\/p>\n<figure id=\"attachment_106\" aria-describedby=\"caption-attachment-106\" style=\"width: 150px\" class=\"wp-caption alignright\"><a href=\"http:\/\/spd-stadtrat.de\/wp-content\/uploads\/2015\/03\/Kolbe-Stockert.jpg\"><img loading=\"lazy\" class=\"size-thumbnail wp-image-106\" src=\"http:\/\/spd-stadtrat.de\/wp-content\/uploads\/2015\/03\/Kolbe-Stockert-150x150.jpg\" alt=\"Evelin Kolbe-Stockert\" width=\"150\" height=\"150\" \/><\/a><figcaption id=\"caption-attachment-106\" class=\"wp-caption-text\">Evelyn Kolbe-Stockert<\/figcaption><\/figure>\n<p>Am Beispiel der Stadt W\u00fcrzburg, die gerade ein Handlungskonzept Wohnen entwickelt hat, diskutierten Kommunalpolitikerinnen und Kommunalpolitiker von 6 der 8 Gro\u00dfst\u00e4dte, welche Handlungsoptionen es gibt, um auf mehr bezahlbaren Wohnraum hinzuwirken. Die Ergebnisse sollen in den n\u00e4chsten Monaten auf den entsprechenden politischen Ebenen eingebracht und vertieft werden.<\/p>\n<ol>\n<li>Der Arbeitskreis \u201eGro\u00dfe St\u00e4dte\u201c der SGK-Bayern fordert von Bund und Land mehr finanzielle Mittel f\u00fcr Wohnungsbauf\u00f6rderung in Bayern. Gerade in den bayerischen Gro\u00dfst\u00e4dten besteht absoluter Handlungsbedarf f\u00fcr verst\u00e4rkte Baut\u00e4tigkeiten im gef\u00f6rderten Geschosswohnungsbau. Hierdurch soll zuk\u00fcnftig noch mehr bezahlbarer Wohnraum entstehen.<\/li>\n<li>Das Bund-L\u00e4nder-Programm \u201eSoziale Stadt\u201c ist sehr erfolgreich. Allerdings wird die F\u00f6rderung nur f\u00fcr bereits bestehende Quartiere bewilligt. F\u00fcr neu entstehende Stadtteile \u2013 zum Beispiel nach einer Konversion von US-Milit\u00e4rfl\u00e4chen \u2013 ist eine solche F\u00f6rderung durch das Programm nicht m\u00f6glich. Deshalb fordert der Arbeitskreis \u201eGro\u00dfe St\u00e4dte\u201c der SGK-Bayern eine Neuausrichtung der F\u00f6rderung, so dass auch neu entstehende Stadtteile f\u00f6rderf\u00e4hig sind.\n<p><figure id=\"attachment_95\" aria-describedby=\"caption-attachment-95\" style=\"width: 150px\" class=\"wp-caption alignright\"><a href=\"http:\/\/spd-stadtrat.de\/wp-content\/uploads\/2015\/03\/Vogel.jpg\"><img loading=\"lazy\" class=\"size-thumbnail wp-image-95\" src=\"http:\/\/spd-stadtrat.de\/wp-content\/uploads\/2015\/03\/Vogel-150x150.jpg\" alt=\"Katja Vogel\" width=\"150\" height=\"150\" \/><\/a><figcaption id=\"caption-attachment-95\" class=\"wp-caption-text\">Katja Vogel<\/figcaption><\/figure><\/li>\n<li>Die Vorgaben und Standards bei Neubauvorhaben sind inzwischen extrem hoch. Eine \u00dcberpr\u00fcfung dieser Standards und Vorgaben hinsichtlich ihrer Wirtschaftlichkeit k\u00f6nnte sich positiv auf die Baupreise und damit auch auf die Mieten auswirken.<\/li>\n<li>Um Baut\u00e4tigkeiten anzuregen, k\u00f6nnte zuk\u00fcnftig eine h\u00f6here Grundsteuer f\u00fcr unbebaute, aber bebaubare Grundst\u00fccke erhoben werden. Erg\u00e4nzend dazu soll verst\u00e4rkt \u00fcber einen Bebauungszwang durch kommunale Innenentwicklungssatzungen nachgedacht werden.<\/li>\n<li>Auch die kommunalen Verwaltungen haben einen wichtigen Anteil an der Schaffung von bezahlbarem Wohnraum. Eine schnelle Abwicklung von Antragsverfahren ist f\u00fcr Bauherren essentiell wichtig und wirkt sich auf die Baukosten aus. Deshalb sollen die Antragsverfahren in kommunalen Verwaltungen soweit m\u00f6glich vereinfacht und die Antragszeiten verk\u00fcrzt werden.<\/li>\n<li>Eine gezielte steuerliche F\u00f6rderung des Mietwohnungsbaus (Sonderabschreibung oder degressive Abschreibung) soll den Bau von Mietwohnungen in den gro\u00dfen St\u00e4dten f\u00fcr Normalverdiener anregen, die f\u00fcr Sozialwohnungen zu viel, f\u00fcr Eigentumswohnungen zu wenig verdienen.<\/li>\n<\/ol>\n<p>Der Fraktionsvorsitzende der SPD-Stadtratsfraktion in M\u00fcnchen, Alexander Reissl, ist von den Ergebnissen des Treffens \u00fcberzeugt. \u201eWenn wir in diesen Bereichen deutliche Verbesserungen erzielen, dann f\u00fchrt das zu direkten positiven Auswirkungen auf die Mieten in Bayerns Gro\u00dfst\u00e4dten\u201c, erkl\u00e4rt Reissl. \u201eDeshalb wollen wir die Ergebnisse weiter vertiefen und zu einer m\u00f6glichst schnellen Umsetzung beitragen\u201c, so Reissl weiter.<\/p>\n<p>&nbsp;<\/p>\n","protected":false},"excerpt":{"rendered":"<p>Aus diesem Grund hat sich der neu gegr\u00fcndete Arbeitskreis \u201eGro\u00dfe St\u00e4dte\u201c der Sozialdemokratischen Gemeinschaft f\u00fcr Kommunalpolitik in Bayern (SGK) bei seinem ersten Netzwerktreffen in W\u00fcrzburg mit der Entwicklung von Ansatzpunkten zu mehr bezahlbarem Wohnraum befasst. Der Arbeitskreis \u201eGro\u00dfe St\u00e4dte\u201c der<\/p>\n","protected":false},"author":6,"featured_media":0,"comment_status":"closed","ping_status":"open","sticky":false,"template":"","format":"standard","meta":{"ngg_post_thumbnail":0},"categories":[1],"tags":[],"jetpack_featured_media_url":"","_links":{"self":[{"href":"https:\/\/spd-stadtrat.de\/index.php?rest_route=\/wp\/v2\/posts\/1650"}],"collection":[{"href":"https:\/\/spd-stadtrat.de\/index.php?rest_route=\/wp\/v2\/posts"}],"about":[{"href":"https:\/\/spd-stadtrat.de\/index.php?rest_route=\/wp\/v2\/types\/post"}],"author":[{"embeddable":true,"href":"https:\/\/spd-stadtrat.de\/index.php?rest_route=\/wp\/v2\/users\/6"}],"replies":[{"embeddable":true,"href":"https:\/\/spd-stadtrat.de\/index.php?rest_route=%2Fwp%2Fv2%2Fcomments&post=1650"}],"version-history":[{"count":6,"href":"https:\/\/spd-stadtrat.de\/index.php?rest_route=\/wp\/v2\/posts\/1650\/revisions"}],"predecessor-version":[{"id":1658,"href":"https:\/\/spd-stadtrat.de\/index.php?rest_route=\/wp\/v2\/posts\/1650\/revisions\/1658"}],"wp:attachment":[{"href":"https:\/\/spd-stadtrat.de\/index.php?rest_route=%2Fwp%2Fv2%2Fmedia&parent=1650"}],"wp:term":[{"taxonomy":"category","embeddable":true,"href":"https:\/\/spd-stadtrat.de\/index.php?rest_route=%2Fwp%2Fv2%2Fcategories&post=1650"},{"taxonomy":"post_tag","embeddable":true,"href":"https:\/\/spd-stadtrat.de\/index.php?rest_route=%2Fwp%2Fv2%2Ftags&post=1650"}],"curies":[{"name":"wp","href":"https:\/\/api.w.org\/{rel}","templated":true}]}}