{"id":1807,"date":"2016-06-08T15:38:56","date_gmt":"2016-06-08T13:38:56","guid":{"rendered":"http:\/\/spd-stadtrat.de\/?p=1807"},"modified":"2016-06-08T15:38:56","modified_gmt":"2016-06-08T13:38:56","slug":"hans-wolf-der-heimliche-buergermeister-von-keilberg-wird-80","status":"publish","type":"post","link":"https:\/\/spd-stadtrat.de\/?p=1807","title":{"rendered":"Hans Wolf, der heimliche \u201eB\u00fcrgermeister von Keilberg\u201c wird 80"},"content":{"rendered":"<figure id=\"attachment_1811\" aria-describedby=\"caption-attachment-1811\" style=\"width: 300px\" class=\"wp-caption alignright\"><a href=\"http:\/\/spd-stadtrat.de\/?attachment_id=1811\" rel=\"attachment wp-att-1811\"><img loading=\"lazy\" class=\"size-medium wp-image-1811\" src=\"http:\/\/spd-stadtrat.de\/wp-content\/uploads\/2016\/06\/Wolf-80-1-300x225.jpg\" alt=\"Hans Holler und Christa Meier gratulieren Hans Wolf\" width=\"300\" height=\"225\" srcset=\"https:\/\/spd-stadtrat.de\/wp-content\/uploads\/2016\/06\/Wolf-80-1-300x225.jpg 300w, https:\/\/spd-stadtrat.de\/wp-content\/uploads\/2016\/06\/Wolf-80-1-768x576.jpg 768w, https:\/\/spd-stadtrat.de\/wp-content\/uploads\/2016\/06\/Wolf-80-1-1024x768.jpg 1024w, https:\/\/spd-stadtrat.de\/wp-content\/uploads\/2016\/06\/Wolf-80-1-600x450.jpg 600w, https:\/\/spd-stadtrat.de\/wp-content\/uploads\/2016\/06\/Wolf-80-1.jpg 1280w\" sizes=\"(max-width: 300px) 100vw, 300px\" \/><\/a><figcaption id=\"caption-attachment-1811\" class=\"wp-caption-text\">Christa Meier und Hans Holler gratulieren als Vertreter der SPD-Fraktion\u00a0Hans Wolf<\/figcaption><\/figure>\n<p>Am 08. Juni 1936 wurde Hans Wolf, in den vermeintlich weltoffenen Wochen vor der Olympiade in Berlin, geboren. Er erlebte dann aber eine Kindheit und Jugend in den Kriegs- und Nachkriegsjahren.<\/p>\n<p>Der geb\u00fcrtige Regensburger blieb seinen Wurzeln stets treu. Nachdem er 1968 in die SPD eingetreten war wurde er 1972 in den Stadtrat gew\u00e4hlt, dem er 24 Jahre bis 1996 angeh\u00f6rte.<\/p>\n<p>Mit seiner engagierten Arbeit im Stadtrat in den Politikfeldern Planen, Bauen, Verkehr und Stadtentwicklung sowie im Aufsichtsrat der Stadtbau Regensburg GmbH hat er sich um unsere Stadt und die Regensburger SPD verdient gemacht. Daf\u00fcr danken wir ihm sehr herzlich.<\/p>\n<p>Er war dabei nie der Vertreter gro\u00dfer Worte und Gesten, sondern der akribische Arbeiter als den ihn auch seine Arbeitskollegen und Vereinskammeraden kennen.<\/p>\n<p>Sein besonderes Interesse galt immer auch seinem Stadtteil Keilberg, was ihm hinter vorgehaltener Hand den Titel \u201eB\u00fcrgermeister vom Keilberg\u201c eingebracht hat.<\/p>\n<p>Am Keilberg war er nicht nur als Stadtrat sondern auch in vielen Vereinen, von der Feuerwehr \u00fcber KAB, Wanderclub, Sch\u00fctzenvereine und M\u00e4nnergesangsverein aktiv.<\/p>\n<p>Daneben war er auch noch viele Jahre Kirchenpfleger der Pfarrei St Michael Keilberg.<\/p>\n<p>Sein Einsatz f\u00fcr das Gemeinwohl wurde 1993 durch die Verleihung der Kommunalen Verdienstmedaille in Bronze und im Jahr 2002 durch die Auszeichnung mit dem Bundesverdienstkreuz am Bande gew\u00fcrdigt.<\/p>\n","protected":false},"excerpt":{"rendered":"<p>Am 08. Juni 1936 wurde Hans Wolf, in den vermeintlich weltoffenen Wochen vor der Olympiade in Berlin, geboren. Er erlebte dann aber eine Kindheit und Jugend in den Kriegs- und Nachkriegsjahren. Der geb\u00fcrtige Regensburger blieb seinen Wurzeln stets treu. Nachdem<\/p>\n","protected":false},"author":6,"featured_media":0,"comment_status":"closed","ping_status":"open","sticky":false,"template":"","format":"standard","meta":{"ngg_post_thumbnail":0},"categories":[1],"tags":[],"jetpack_featured_media_url":"","_links":{"self":[{"href":"https:\/\/spd-stadtrat.de\/index.php?rest_route=\/wp\/v2\/posts\/1807"}],"collection":[{"href":"https:\/\/spd-stadtrat.de\/index.php?rest_route=\/wp\/v2\/posts"}],"about":[{"href":"https:\/\/spd-stadtrat.de\/index.php?rest_route=\/wp\/v2\/types\/post"}],"author":[{"embeddable":true,"href":"https:\/\/spd-stadtrat.de\/index.php?rest_route=\/wp\/v2\/users\/6"}],"replies":[{"embeddable":true,"href":"https:\/\/spd-stadtrat.de\/index.php?rest_route=%2Fwp%2Fv2%2Fcomments&post=1807"}],"version-history":[{"count":2,"href":"https:\/\/spd-stadtrat.de\/index.php?rest_route=\/wp\/v2\/posts\/1807\/revisions"}],"predecessor-version":[{"id":1812,"href":"https:\/\/spd-stadtrat.de\/index.php?rest_route=\/wp\/v2\/posts\/1807\/revisions\/1812"}],"wp:attachment":[{"href":"https:\/\/spd-stadtrat.de\/index.php?rest_route=%2Fwp%2Fv2%2Fmedia&parent=1807"}],"wp:term":[{"taxonomy":"category","embeddable":true,"href":"https:\/\/spd-stadtrat.de\/index.php?rest_route=%2Fwp%2Fv2%2Fcategories&post=1807"},{"taxonomy":"post_tag","embeddable":true,"href":"https:\/\/spd-stadtrat.de\/index.php?rest_route=%2Fwp%2Fv2%2Ftags&post=1807"}],"curies":[{"name":"wp","href":"https:\/\/api.w.org\/{rel}","templated":true}]}}