{"id":1813,"date":"2016-06-09T14:20:02","date_gmt":"2016-06-09T12:20:02","guid":{"rendered":"http:\/\/spd-stadtrat.de\/?p=1813"},"modified":"2016-06-09T14:20:02","modified_gmt":"2016-06-09T12:20:02","slug":"viele-buergerinnen-und-buerger-beim-spd-informationsspaziergang-in-der-ehem-nibelungen-kaserne","status":"publish","type":"post","link":"https:\/\/spd-stadtrat.de\/?p=1813","title":{"rendered":"Viele B\u00fcrgerinnen und B\u00fcrger beim SPD- Informationsspaziergang in der ehem. Nibelungen-Kaserne"},"content":{"rendered":"<p><a href=\"http:\/\/spd-stadtrat.de\/?attachment_id=1815\" rel=\"attachment wp-att-1815\"><img loading=\"lazy\" class=\"alignright size-medium wp-image-1815\" src=\"http:\/\/spd-stadtrat.de\/wp-content\/uploads\/2016\/06\/Info-Nibelungen-1-225x300.jpg\" alt=\"Info Nibelungen 1\" width=\"225\" height=\"300\" srcset=\"https:\/\/spd-stadtrat.de\/wp-content\/uploads\/2016\/06\/Info-Nibelungen-1-225x300.jpg 225w, https:\/\/spd-stadtrat.de\/wp-content\/uploads\/2016\/06\/Info-Nibelungen-1-768x1024.jpg 768w, https:\/\/spd-stadtrat.de\/wp-content\/uploads\/2016\/06\/Info-Nibelungen-1-600x800.jpg 600w, https:\/\/spd-stadtrat.de\/wp-content\/uploads\/2016\/06\/Info-Nibelungen-1.jpg 852w\" sizes=\"(max-width: 225px) 100vw, 225px\" \/><\/a>Im Herzen unserer sch\u00f6nen Stadt entsteht ein neues Quartier. Die ehemalige Nibelungen-Kaserne der Bundeswehr wurde im Jahr 2010 aufgegeben. Bereits jetzt zeigt sich dem Regensburger B\u00fcrger eine unglaublichere Bauvorschrift. Neben der TechBase und der neuen FOS\/BOS, die bereits baulich fertig gestellt wurden, entstehen die ersten Wohnbau-Projekte.<\/p>\n<p>Das Thema \u201eWohnen\u201c ist f\u00fcr B\u00fcrgerinnen und B\u00fcrger in einer so florierenden Stadt wie der unseren h\u00f6chst interessant. Wohin geht unsere Stadt? Wird der Wohnraum bezahlbar? Auf diese Fragen gibt das neu entstehende Areal keine K\u00f6nigsantwort, jedoch zeigt dieses Quartier die Richtung auf, in die sich Regensburg unter F\u00fchrung der SPD bewegt.<\/p>\n<p>Es zeigt sich am Beispiel der ehemaligen Nibelungen-Kaserne, dass sich die Stadt in eine gute Richtung entwickelt. Um interessierten B\u00fcrgerinnen und B\u00fcrgern die Entwicklungen n\u00e4her zu bringen, lud die SPD-Stadtratsfaktion am 01. Juni gemeinsam mit dem SPD-Ortsverein S\u00fcdosten-Kasernenviertel zu einem Informationsspaziergang in das ehemalige Kasernengel\u00e4nde ein.<\/p>\n<p>Der Einladung folgten \u00fcber 60 Personen, unter ihnen auch Vertreter des Bauspielplatz &#8211; Regensburger Eltern e.V. und Vertreter des B\u00fcrgervereins S\u00fcd-Ost Regensburg.<!--more--><\/p>\n<p><a href=\"http:\/\/spd-stadtrat.de\/?attachment_id=1816\" rel=\"attachment wp-att-1816\"><img loading=\"lazy\" class=\"size-medium wp-image-1816 alignleft\" src=\"http:\/\/spd-stadtrat.de\/wp-content\/uploads\/2016\/06\/Info-Nibelungen-2-300x225.jpg\" alt=\"Info Nibelungen 2\" width=\"300\" height=\"225\" srcset=\"https:\/\/spd-stadtrat.de\/wp-content\/uploads\/2016\/06\/Info-Nibelungen-2-300x225.jpg 300w, https:\/\/spd-stadtrat.de\/wp-content\/uploads\/2016\/06\/Info-Nibelungen-2-768x576.jpg 768w, https:\/\/spd-stadtrat.de\/wp-content\/uploads\/2016\/06\/Info-Nibelungen-2-1024x768.jpg 1024w, https:\/\/spd-stadtrat.de\/wp-content\/uploads\/2016\/06\/Info-Nibelungen-2-600x450.jpg 600w, https:\/\/spd-stadtrat.de\/wp-content\/uploads\/2016\/06\/Info-Nibelungen-2.jpg 1136w\" sizes=\"(max-width: 300px) 100vw, 300px\" \/><\/a>Den zahlreichenden Interessierten legten zun\u00e4chst der SPD-Fraktionsvorsitzende Norbert Hartl und Stadtr\u00e4tin Evelyn Kolbe-Stockert Allgemeines zur Quartiersentwicklung dar. Hartl und Kolbe-Stockert gingen u. a. auf die neuen Angebote der FOS\/BOS und die entstehenden Wohngebiete ein. Bei den Wohngebieten legten sie ihren Schwerpunkt auf die Baufl\u00e4che der Stadtbau. Die Stadtbau schafft in diesem Quartier sozialen und preisgebundenen Wohnraum.<\/p>\n<p>Im Anschluss f\u00fchrte Herrn Lehmann, Abteilungsleiter f\u00fcr Gr\u00fcnfl\u00e4chenplanung und Gr\u00fcnfl\u00e4chenneubau des Stadtgartenamtes, \u00fcber das Gel\u00e4nde. Das gesamte Quartier zeichnet sich vor allem als eine \u201egr\u00fcne Lunge\u201c im S\u00fcdosten der Stadt aus. Herr Lehmann erkl\u00e4rte die Gr\u00fcnanlagen und die breiten Nutzungsm\u00f6glichkeiten, die sich den k\u00fcnftigen Bewohner innen und Bewohnern bieten werden. Vom Raum zum Fu\u00dfballspielen bis zum Urban-Gardening hat das Stadtgartenamt an alles gedacht. Die Vielseitigkeit der Gr\u00fcnfl\u00e4chen bietet bestm\u00f6gliche Naherholung. Mit \u00fcber 13 ha Gr\u00fcnfl\u00e4chen ist das neue Quartier \u00fcber die Stadtgrenzen Regensburgs hinaus wegweisend.<\/p>\n<figure id=\"attachment_1678\" aria-describedby=\"caption-attachment-1678\" style=\"width: 150px\" class=\"wp-caption alignright\"><a href=\"http:\/\/spd-stadtrat.de\/?attachment_id=1678#main\" rel=\"attachment wp-att-1678\"><img loading=\"lazy\" class=\"size-thumbnail wp-image-1678\" src=\"http:\/\/spd-stadtrat.de\/wp-content\/uploads\/2016\/03\/E-Kolbe-Stockert-150x150.jpg\" alt=\"Evelyn Kolbe-Stockert\" width=\"150\" height=\"150\" \/><\/a><figcaption id=\"caption-attachment-1678\" class=\"wp-caption-text\">Evelyn Kolbe-Stockert<\/figcaption><\/figure>\n<p>Abgerundet wurde der Informationsspaziergang durch den Besuch des Bauspielplatzes. Herr Straube vom Bauspielplatz &#8211; Regensburger Eltern e.V. erkl\u00e4rte vor Ort das Konzept des Bauspielplatzes und die vielseitigen M\u00f6glichkeiten, die sich den Kindern auf solch einem Spielplatz bieten.<\/p>\n<p>Die ersten Gr\u00fcnfl\u00e4chen sind bereits f\u00fcr die \u00d6ffentlichkeit nutzbar. Schauen sie doch einfach vorbei und genie\u00dfen auch Sie die \u201eGr\u00fcne-Oase\u201c im Herzen des Stadt-S\u00fcdosten.<\/p>\n","protected":false},"excerpt":{"rendered":"<p>Im Herzen unserer sch\u00f6nen Stadt entsteht ein neues Quartier. Die ehemalige Nibelungen-Kaserne der Bundeswehr wurde im Jahr 2010 aufgegeben. Bereits jetzt zeigt sich dem Regensburger B\u00fcrger eine unglaublichere Bauvorschrift. Neben der TechBase und der neuen FOS\/BOS, die bereits baulich fertig<\/p>\n","protected":false},"author":6,"featured_media":0,"comment_status":"closed","ping_status":"open","sticky":false,"template":"","format":"standard","meta":{"ngg_post_thumbnail":0},"categories":[1],"tags":[],"jetpack_featured_media_url":"","_links":{"self":[{"href":"https:\/\/spd-stadtrat.de\/index.php?rest_route=\/wp\/v2\/posts\/1813"}],"collection":[{"href":"https:\/\/spd-stadtrat.de\/index.php?rest_route=\/wp\/v2\/posts"}],"about":[{"href":"https:\/\/spd-stadtrat.de\/index.php?rest_route=\/wp\/v2\/types\/post"}],"author":[{"embeddable":true,"href":"https:\/\/spd-stadtrat.de\/index.php?rest_route=\/wp\/v2\/users\/6"}],"replies":[{"embeddable":true,"href":"https:\/\/spd-stadtrat.de\/index.php?rest_route=%2Fwp%2Fv2%2Fcomments&post=1813"}],"version-history":[{"count":3,"href":"https:\/\/spd-stadtrat.de\/index.php?rest_route=\/wp\/v2\/posts\/1813\/revisions"}],"predecessor-version":[{"id":1818,"href":"https:\/\/spd-stadtrat.de\/index.php?rest_route=\/wp\/v2\/posts\/1813\/revisions\/1818"}],"wp:attachment":[{"href":"https:\/\/spd-stadtrat.de\/index.php?rest_route=%2Fwp%2Fv2%2Fmedia&parent=1813"}],"wp:term":[{"taxonomy":"category","embeddable":true,"href":"https:\/\/spd-stadtrat.de\/index.php?rest_route=%2Fwp%2Fv2%2Fcategories&post=1813"},{"taxonomy":"post_tag","embeddable":true,"href":"https:\/\/spd-stadtrat.de\/index.php?rest_route=%2Fwp%2Fv2%2Ftags&post=1813"}],"curies":[{"name":"wp","href":"https:\/\/api.w.org\/{rel}","templated":true}]}}