{"id":1845,"date":"2016-07-06T08:29:57","date_gmt":"2016-07-06T06:29:57","guid":{"rendered":"http:\/\/spd-stadtrat.de\/?p=1845"},"modified":"2016-07-06T11:39:27","modified_gmt":"2016-07-06T09:39:27","slug":"norbert-hauner-wird-70-und-keiner-glaubt-es-ihm","status":"publish","type":"post","link":"https:\/\/spd-stadtrat.de\/?p=1845","title":{"rendered":"Norbert Hauner wird 70 \u2013 und keiner glaubt es ihm"},"content":{"rendered":"<figure id=\"attachment_1848\" aria-describedby=\"caption-attachment-1848\" style=\"width: 300px\" class=\"wp-caption alignright\"><a href=\"http:\/\/spd-stadtrat.de\/?attachment_id=1848\" rel=\"attachment wp-att-1848\"><img loading=\"lazy\" class=\"size-medium wp-image-1848\" src=\"http:\/\/spd-stadtrat.de\/wp-content\/uploads\/2016\/07\/Hauner-70-1-300x225.jpg\" alt=\"Die Fraktion gratuliert Norbert Hauner (m) zum Geburtstag\" width=\"300\" height=\"225\" srcset=\"https:\/\/spd-stadtrat.de\/wp-content\/uploads\/2016\/07\/Hauner-70-1-300x225.jpg 300w, https:\/\/spd-stadtrat.de\/wp-content\/uploads\/2016\/07\/Hauner-70-1-600x450.jpg 600w, https:\/\/spd-stadtrat.de\/wp-content\/uploads\/2016\/07\/Hauner-70-1.jpg 640w\" sizes=\"(max-width: 300px) 100vw, 300px\" \/><\/a><figcaption id=\"caption-attachment-1848\" class=\"wp-caption-text\">Die Fraktion gratuliert Norbert Hauner (m) zum Geburtstag<\/figcaption><\/figure>\n<p>Es ist wirklich so, Norbert Hauner, sieht aus wie 50, ist aktiv wie mit 30, aber er wird 70 und ist damit genau so alt wie die Bayerische Verfassung und der Bikini. Letzter wurde exakt an Norbert Hauners Geburtstag,. dem 5. Juli 1946, erstmals in Paris pr\u00e4sentiert.<\/p>\n<p>Ebenso wie diese ist Norbert Hauner auch mit 70 noch auf der H\u00f6he der Zeit, agil, weltoffen und modern.<\/p>\n<p>Norbert Hauner ist ein echter Regensburger. Aufgewachsen in der westlichen Altstadt besuchte er das Albertus-Magnus-Gymnasium und studierte nach dem Abitur in Regensburg. Sein Beruf als Lehrer und sp\u00e4terer Rektor der Grund- und Hauptschule Zeitlarn war ihm immer auch Berufung.<\/p>\n<p>Bei seiner Arbeit im Stadtrat vom 1990 bis 2008 war sein Hauptanliegen, neben Frage der Stadtentwicklung, der Erhalt und die Weiterentwicklung des gesamten Spektrums der Bildungseinrichtungen in unserer Stadt sowie eine progressive Sportpolitik.<\/p>\n<p>Naheliegend, das er im Schulausschuss und im Sportausschuss Sprecher der SPD-Stadtratsfraktion war.<\/p>\n<p>Ferner geh\u00f6rte er den Aufsichtsr\u00e4ten der Stadtwerke Regensburg GmbH und der IT Inkubator Ostbayern GmbH an.<\/p>\n<p>Norbert Hauner geh\u00f6rt mittlerweile fast 50 Jahre der SPD an und war in dieser Zeit u.a. viele Jahre Vorsitzender des SPD-Ortsvereins Konradsiedlung.<\/p>\n<p>Als Bewohner der Konradsiedlung setzt er sich noch heute als Vorsitzender des B\u00fcrgervereins Regensburg Nord f\u00fcr die Interessen des Stadtnordens ein.<\/p>\n<p>Daneben ist er im BLLV und vielen Vereinen engagiert.<\/p>\n<p>Er liebt und betreibt Sport, was auch in seinen Mitgliedschaften in zahlreichen Sportvereinen zum Ausdruck kommt und das Reisen mit seiner Frau.<\/p>\n<p>An seinem 50sten Geburtstag, am 5.7.1996 wurde in Schottland das Klonschaf Dolly geboren.<\/p>\n<p>Das f\u00fchrt unweigerlich zu der \u00dcberlegung: Norbert, wir m\u00fcssten dich klonen lassen, denn von deiner Sorte k\u00f6nnten wir in der Regensburger SPD mehrere brauchen.<\/p>\n<p>Alles Gute zum Geburtstag<\/p>\n","protected":false},"excerpt":{"rendered":"<p>Es ist wirklich so, Norbert Hauner, sieht aus wie 50, ist aktiv wie mit 30, aber er wird 70 und ist damit genau so alt wie die Bayerische Verfassung und der Bikini. Letzter wurde exakt an Norbert Hauners Geburtstag,. dem<\/p>\n","protected":false},"author":6,"featured_media":0,"comment_status":"closed","ping_status":"open","sticky":false,"template":"","format":"standard","meta":{"ngg_post_thumbnail":0},"categories":[1],"tags":[],"jetpack_featured_media_url":"","_links":{"self":[{"href":"https:\/\/spd-stadtrat.de\/index.php?rest_route=\/wp\/v2\/posts\/1845"}],"collection":[{"href":"https:\/\/spd-stadtrat.de\/index.php?rest_route=\/wp\/v2\/posts"}],"about":[{"href":"https:\/\/spd-stadtrat.de\/index.php?rest_route=\/wp\/v2\/types\/post"}],"author":[{"embeddable":true,"href":"https:\/\/spd-stadtrat.de\/index.php?rest_route=\/wp\/v2\/users\/6"}],"replies":[{"embeddable":true,"href":"https:\/\/spd-stadtrat.de\/index.php?rest_route=%2Fwp%2Fv2%2Fcomments&post=1845"}],"version-history":[{"count":3,"href":"https:\/\/spd-stadtrat.de\/index.php?rest_route=\/wp\/v2\/posts\/1845\/revisions"}],"predecessor-version":[{"id":1850,"href":"https:\/\/spd-stadtrat.de\/index.php?rest_route=\/wp\/v2\/posts\/1845\/revisions\/1850"}],"wp:attachment":[{"href":"https:\/\/spd-stadtrat.de\/index.php?rest_route=%2Fwp%2Fv2%2Fmedia&parent=1845"}],"wp:term":[{"taxonomy":"category","embeddable":true,"href":"https:\/\/spd-stadtrat.de\/index.php?rest_route=%2Fwp%2Fv2%2Fcategories&post=1845"},{"taxonomy":"post_tag","embeddable":true,"href":"https:\/\/spd-stadtrat.de\/index.php?rest_route=%2Fwp%2Fv2%2Ftags&post=1845"}],"curies":[{"name":"wp","href":"https:\/\/api.w.org\/{rel}","templated":true}]}}