{"id":1873,"date":"2016-08-11T08:20:22","date_gmt":"2016-08-11T06:20:22","guid":{"rendered":"http:\/\/spd-stadtrat.de\/?p=1873"},"modified":"2016-08-29T11:50:45","modified_gmt":"2016-08-29T09:50:45","slug":"margit-wild-freut-sich-probebetrieb-fruehschwimmer-geht-in-die-verlaengerung","status":"publish","type":"post","link":"https:\/\/spd-stadtrat.de\/?p=1873","title":{"rendered":"Margit Wild freut sich: &#8222;Probebetrieb Fr\u00fchschwimmer geht in die Verl\u00e4ngerung"},"content":{"rendered":"<p><span style=\"font-size: medium;\">Das Regensburger W\u00f6hrdbad hat seit Juni bereits ab 7 Uhr morgens ge\u00f6ffnet, um auch Berufst\u00e4tigen einen sportlichen Start in den Tag zu erm\u00f6glichen. \u201eEs freut mich sehr mitteilen zu k\u00f6nnen, dass der Probebetrieb Fr\u00fchschwimmer im<\/span><\/p>\n<figure id=\"attachment_1836\" aria-describedby=\"caption-attachment-1836\" style=\"width: 150px\" class=\"wp-caption alignright\"><a href=\"http:\/\/spd-stadtrat.de\/?attachment_id=1836#main\" rel=\"attachment wp-att-1836\"><img loading=\"lazy\" class=\"size-thumbnail wp-image-1836\" src=\"http:\/\/spd-stadtrat.de\/wp-content\/uploads\/2016\/06\/Morgenschwimmen-e1467192082671-150x150.jpg\" alt=\"Morgenschwimmen\" width=\"150\" height=\"150\" \/><\/a><figcaption id=\"caption-attachment-1836\" class=\"wp-caption-text\">Morgenschwimmen<\/figcaption><\/figure>\n<figure id=\"attachment_96\" aria-describedby=\"caption-attachment-96\" style=\"width: 150px\" class=\"wp-caption alignleft\"><a href=\"http:\/\/spd-stadtrat.de\/?attachment_id=96#main\" rel=\"attachment wp-att-96\"><img loading=\"lazy\" class=\"size-thumbnail wp-image-96\" src=\"http:\/\/spd-stadtrat.de\/wp-content\/uploads\/2015\/03\/wild-150x150.jpg\" alt=\"Margit Wild\" width=\"150\" height=\"150\" \/><\/a><figcaption id=\"caption-attachment-96\" class=\"wp-caption-text\">Margit Wild<\/figcaption><\/figure>\n<p><span style=\"font-size: medium;\">W\u00f6hrdbad bis Ende August verl\u00e4ngert wird&#8220;, so die Landtagsabgeordnete. Urspr\u00fcnglich war geplant, das Fr\u00fchschwimmen bis zum 15. August anzubieten. \u201eEs sind viele B\u00fcrgerinnen und B\u00fcrger auf mich zugekommen, die das Angebot bislang sehr gerne in Anspruch genommen haben&#8220;, so Wild. <\/span><\/p>\n<p><span style=\"font-size: medium;\">\u201eDer Probebetrieb ist auch meiner Sicht von den Regensburgerinnen und Regensburger sehr gut angenommen worden \u2013 auch ich habe die M\u00f6glichkeit h\u00e4ufig genutzt&#8220;. Wild hofft auf einen warmen und sonnigen Sp\u00e4tsommer und w\u00fcnscht den Regensburgerinnen und Regensburgern viel Spa\u00df beim Schwimmen in den st\u00e4dtischen B\u00e4dern. <\/span><\/p>\n","protected":false},"excerpt":{"rendered":"<p>Das Regensburger W\u00f6hrdbad hat seit Juni bereits ab 7 Uhr morgens ge\u00f6ffnet, um auch Berufst\u00e4tigen einen sportlichen Start in den Tag zu erm\u00f6glichen. \u201eEs freut mich sehr mitteilen zu k\u00f6nnen, dass der Probebetrieb Fr\u00fchschwimmer im W\u00f6hrdbad bis Ende August verl\u00e4ngert<\/p>\n","protected":false},"author":3,"featured_media":0,"comment_status":"closed","ping_status":"open","sticky":false,"template":"","format":"standard","meta":{"ngg_post_thumbnail":0},"categories":[1],"tags":[],"jetpack_featured_media_url":"","_links":{"self":[{"href":"https:\/\/spd-stadtrat.de\/index.php?rest_route=\/wp\/v2\/posts\/1873"}],"collection":[{"href":"https:\/\/spd-stadtrat.de\/index.php?rest_route=\/wp\/v2\/posts"}],"about":[{"href":"https:\/\/spd-stadtrat.de\/index.php?rest_route=\/wp\/v2\/types\/post"}],"author":[{"embeddable":true,"href":"https:\/\/spd-stadtrat.de\/index.php?rest_route=\/wp\/v2\/users\/3"}],"replies":[{"embeddable":true,"href":"https:\/\/spd-stadtrat.de\/index.php?rest_route=%2Fwp%2Fv2%2Fcomments&post=1873"}],"version-history":[{"count":5,"href":"https:\/\/spd-stadtrat.de\/index.php?rest_route=\/wp\/v2\/posts\/1873\/revisions"}],"predecessor-version":[{"id":1889,"href":"https:\/\/spd-stadtrat.de\/index.php?rest_route=\/wp\/v2\/posts\/1873\/revisions\/1889"}],"wp:attachment":[{"href":"https:\/\/spd-stadtrat.de\/index.php?rest_route=%2Fwp%2Fv2%2Fmedia&parent=1873"}],"wp:term":[{"taxonomy":"category","embeddable":true,"href":"https:\/\/spd-stadtrat.de\/index.php?rest_route=%2Fwp%2Fv2%2Fcategories&post=1873"},{"taxonomy":"post_tag","embeddable":true,"href":"https:\/\/spd-stadtrat.de\/index.php?rest_route=%2Fwp%2Fv2%2Ftags&post=1873"}],"curies":[{"name":"wp","href":"https:\/\/api.w.org\/{rel}","templated":true}]}}