{"id":1936,"date":"2016-10-06T10:58:57","date_gmt":"2016-10-06T08:58:57","guid":{"rendered":"http:\/\/spd-stadtrat.de\/?p=1936"},"modified":"2016-10-06T11:00:44","modified_gmt":"2016-10-06T09:00:44","slug":"unser-herz-schlaegt-fuer-die-altstadt","status":"publish","type":"post","link":"https:\/\/spd-stadtrat.de\/?p=1936","title":{"rendered":"\u201eUnser Herz schl\u00e4gt f\u00fcr die Altstadt!\u201c"},"content":{"rendered":"<p style=\"text-align: right;\">Regensburg, 06.10.2016<\/p>\n<p><strong>Die Regensburger Altstadt ist zugleich Welterbe, Wohnquartier, Tourismusmagnet, Freizeitraum und Einzelhandelsstandort. Die SPD Stadtratsfraktion freut sich deshalb \u00fcber den Erfolg der angesto\u00dfenen Ma\u00dfnahmen zur Verbesserung der Lebens- und Aufenthaltsqualit\u00e4t in Regensburgs guter Stube.<\/strong><\/p>\n<figure id=\"attachment_1935\" aria-describedby=\"caption-attachment-1935\" style=\"width: 185px\" class=\"wp-caption alignright\"><a href=\"http:\/\/spd-stadtrat.de\/?attachment_id=1935\" rel=\"attachment wp-att-1935\"><img loading=\"lazy\" class=\"size-medium wp-image-1935\" src=\"http:\/\/spd-stadtrat.de\/wp-content\/uploads\/2016\/10\/In-die-Jahre-gekommen-185x300.jpg\" alt=\"in die Jahre gekommen, Fu\u00dfg\u00e4ngerzone K\u00f6nigsstra\u00dfe\" width=\"185\" height=\"300\" srcset=\"https:\/\/spd-stadtrat.de\/wp-content\/uploads\/2016\/10\/In-die-Jahre-gekommen-185x300.jpg 185w, https:\/\/spd-stadtrat.de\/wp-content\/uploads\/2016\/10\/In-die-Jahre-gekommen-768x1243.jpg 768w, https:\/\/spd-stadtrat.de\/wp-content\/uploads\/2016\/10\/In-die-Jahre-gekommen-633x1024.jpg 633w, https:\/\/spd-stadtrat.de\/wp-content\/uploads\/2016\/10\/In-die-Jahre-gekommen-600x971.jpg 600w, https:\/\/spd-stadtrat.de\/wp-content\/uploads\/2016\/10\/In-die-Jahre-gekommen.jpg 840w\" sizes=\"(max-width: 185px) 100vw, 185px\" \/><\/a><figcaption id=\"caption-attachment-1935\" class=\"wp-caption-text\">in die Jahre gekommen, Fu\u00dfg\u00e4ngerzone K\u00f6nigsstra\u00dfe<\/figcaption><\/figure>\n<p>Die Regensburger Altstadt ist f\u00fcr die Regensburger Vieles: ein Ort zum Wohnen, zum Leben, zum Einkaufen oder einfach nur zum Wohlf\u00fchlen. Allerdings hatte sich seit den 1980er und -90er Jahren, seit den Verkehrsberuhigungen in der westlichen Altstadt und der Umgestaltung der Maxstra\u00dfe, nichts Substanzielles mehr in Regensburgs guter Stube getan: selbst die maroden Betonplatten in der K\u00f6nigsstra\u00dfe aus den 70ern setzten bereits welterbew\u00fcrdige Patina an. Umso erfreuter ist die Regensburger SPD-Fraktion, dass es nun in der Altstadt mit einem ganzen Ma\u00dfnahmenpaket vorw\u00e4rts geht.<\/p>\n<figure id=\"attachment_1934\" aria-describedby=\"caption-attachment-1934\" style=\"width: 150px\" class=\"wp-caption alignleft\"><a href=\"http:\/\/spd-stadtrat.de\/?attachment_id=1934#main\" rel=\"attachment wp-att-1934\"><img loading=\"lazy\" class=\"size-thumbnail wp-image-1934\" src=\"http:\/\/spd-stadtrat.de\/wp-content\/uploads\/2016\/10\/Tobias-Hammerl-2016-150x150.jpg\" alt=\"Dr. Tobias Hammerl\" width=\"150\" height=\"150\" \/><\/a><figcaption id=\"caption-attachment-1934\" class=\"wp-caption-text\">Dr. Tobias Hammerl<\/figcaption><\/figure>\n<p>\u201eUnser Herz schl\u00e4gt f\u00fcr die Altstadt\u201c, stellt Fraktionsvorsitzender Norbert Hartl zu Beginn klar. \u201eWir wollen, dass die Altstadt lebendig bleibt und sich weiterentwickelt!\u201c Von diesem Credo ausgehend hat die SPD-gef\u00fchrte Koalition in den letzten zweieinhalb Jahren eine Reihe von beachtlichen Verbesserungen auf den Weg gebracht, von neuen Sitzb\u00e4nken und Fahrradabstellanlagen, der Erh\u00f6hung der kostenlosen Parkzeit in den Parkh\u00e4usern, \u00fcber kleine, nachbarschaftliche Stra\u00dfenfeste und dem \u201eAltstadt-Zehner\u201c, bis hin zum \u201eEmil\u201c, dem neuen elektrischen Altstadtbus. \u201eDie gr\u00f6\u00dfte Ma\u00dfnahme ist jedoch mit Sicherheit die Umgestaltung der zentralen Fu\u00dfg\u00e4ngerzone. Auch wenn Baustellen niemand mag, so wurde es doch h\u00f6chste Zeit, der Fu\u00dfg\u00e4ngerzone eine Frischzellenkur zu verpassen\u201c, so Hartl.<!--more--><\/p>\n<p>Doch die SPD-Fraktion m\u00f6chte sich nicht auf dem Erreichten ausruhen: \u201eEs gibt noch viele, viele Baustellen\u201c, so Stadtrat Dr. Tobias Hammerl, der selbst in der Altstadt wohnt. \u201eNeben der baulichen Sanierung von Stra\u00dfenz\u00fcgen, etwa der Wahlenstra\u00dfe oder der todsanierten Maxstra\u00dfe, und der St\u00e4rkung des Einzelhandels muss es unser Ziel sein, dass in der Altstadt auch in Zukunft Menschen gerne leben wollen. Mit uns bleibt die Altstadt ein lebenswertes Stadtquartier und wird nicht zu einem Freilichtmuseum mit Einkaufsm\u00f6glichkeit werden!\u201c<\/p>\n<p>Die Mitglieder der SPD-Fraktion sind sich einig: In der Zukunft wird sich die Altstadt dank der Politik der Rathaus-Koalition weiter positiv entwickeln. \u201eDie Sanierung der Steinernen Br\u00fccke steht kurz vor dem Abschluss, in zwei Jahren er\u00f6ffnet das Museum der Bayerischen Geschichte, wir freuen uns auf die neue Synagoge am Brixener Hof und das RKK am Ernst-Reuter-Platz und der neue Zentrale Omnibusbahnhof sichert auch in Zukunft die optimale Erreichbarkeit der Altstadt mit dem \u00d6PNV\u201c, fasst Oberb\u00fcrgermeister Joachim Wolbergs die herausragenden Meilensteine der Altstadtentwicklung der n\u00e4chsten Jahre zusammen.<\/p>\n<p>Dr. Tobias Hammerl, Stadtrat<\/p>\n","protected":false},"excerpt":{"rendered":"<p>Regensburg, 06.10.2016 Die Regensburger Altstadt ist zugleich Welterbe, Wohnquartier, Tourismusmagnet, Freizeitraum und Einzelhandelsstandort. Die SPD Stadtratsfraktion freut sich deshalb \u00fcber den Erfolg der angesto\u00dfenen Ma\u00dfnahmen zur Verbesserung der Lebens- und Aufenthaltsqualit\u00e4t in Regensburgs guter Stube. Die Regensburger Altstadt ist f\u00fcr<\/p>\n","protected":false},"author":6,"featured_media":0,"comment_status":"closed","ping_status":"open","sticky":false,"template":"","format":"standard","meta":{"ngg_post_thumbnail":0},"categories":[1],"tags":[],"jetpack_featured_media_url":"","_links":{"self":[{"href":"https:\/\/spd-stadtrat.de\/index.php?rest_route=\/wp\/v2\/posts\/1936"}],"collection":[{"href":"https:\/\/spd-stadtrat.de\/index.php?rest_route=\/wp\/v2\/posts"}],"about":[{"href":"https:\/\/spd-stadtrat.de\/index.php?rest_route=\/wp\/v2\/types\/post"}],"author":[{"embeddable":true,"href":"https:\/\/spd-stadtrat.de\/index.php?rest_route=\/wp\/v2\/users\/6"}],"replies":[{"embeddable":true,"href":"https:\/\/spd-stadtrat.de\/index.php?rest_route=%2Fwp%2Fv2%2Fcomments&post=1936"}],"version-history":[{"count":3,"href":"https:\/\/spd-stadtrat.de\/index.php?rest_route=\/wp\/v2\/posts\/1936\/revisions"}],"predecessor-version":[{"id":1939,"href":"https:\/\/spd-stadtrat.de\/index.php?rest_route=\/wp\/v2\/posts\/1936\/revisions\/1939"}],"wp:attachment":[{"href":"https:\/\/spd-stadtrat.de\/index.php?rest_route=%2Fwp%2Fv2%2Fmedia&parent=1936"}],"wp:term":[{"taxonomy":"category","embeddable":true,"href":"https:\/\/spd-stadtrat.de\/index.php?rest_route=%2Fwp%2Fv2%2Fcategories&post=1936"},{"taxonomy":"post_tag","embeddable":true,"href":"https:\/\/spd-stadtrat.de\/index.php?rest_route=%2Fwp%2Fv2%2Ftags&post=1936"}],"curies":[{"name":"wp","href":"https:\/\/api.w.org\/{rel}","templated":true}]}}