{"id":2404,"date":"2017-03-08T10:34:43","date_gmt":"2017-03-08T09:34:43","guid":{"rendered":"http:\/\/spd-stadtrat.de\/?p=2404"},"modified":"2017-03-09T11:10:36","modified_gmt":"2017-03-09T10:10:36","slug":"radschnellweg-entlang-der-a-3-gemeinsamer-antrag-der-koalition","status":"publish","type":"post","link":"https:\/\/spd-stadtrat.de\/?p=2404","title":{"rendered":"Radschnellweg entlang der A 3; gemeinsamer Antrag der Koalition"},"content":{"rendered":"<p style=\"text-align: right;\">Regensburg, 08.03.2017<\/p>\n<p><a href=\"http:\/\/spd-stadtrat.de\/?attachment_id=2407\" rel=\"attachment wp-att-2407\"><img loading=\"lazy\" class=\"alignright size-medium wp-image-2407\" src=\"http:\/\/spd-stadtrat.de\/wp-content\/uploads\/2017\/03\/vorschriftszeichen-41-gr-300x300.jpg\" alt=\"vorschriftszeichen-41-gr\" width=\"300\" height=\"300\" srcset=\"https:\/\/spd-stadtrat.de\/wp-content\/uploads\/2017\/03\/vorschriftszeichen-41-gr-300x300.jpg 300w, https:\/\/spd-stadtrat.de\/wp-content\/uploads\/2017\/03\/vorschriftszeichen-41-gr-150x150.jpg 150w, https:\/\/spd-stadtrat.de\/wp-content\/uploads\/2017\/03\/vorschriftszeichen-41-gr.jpg 400w\" sizes=\"(max-width: 300px) 100vw, 300px\" \/><\/a>Die Stadtratskoalition beantragt das o.g. Thema in die Tagesordnung der n\u00e4chsten Sitzung des Ausschusses f\u00fcr Stadtplanung, Verkehr und Wohnungsfragen aufzunehmen und folgenden Beschlussvorschlag zur Abstimmung zu stellen:<\/p>\n<p>Die Verwaltung wird beauftragt im Benehmen mit der Autobahndirektion zu pr\u00fcfen, ob im Zusammenhang mit dem 6-spurigen Ausbau der A 3 die Errichtung eines Radschnellweges entlang der Ausbaustrecke m\u00f6glich ist. Insbesondere ist abzukl\u00e4ren, wer die Kosten f\u00fcr den Radweg zu tragen hat und ob und welche F\u00f6rdermittel f\u00fcr ein derartiges Projekt seitens des Freistaates oder des Bundes zu erwarten w\u00e4ren. Es ist abzukl\u00e4ren, inwieweit der Wirtschaftsweg entlang der Autobahn f\u00fcr einen Radweg mitgenutzt werden kann (Kostenreduzierung).<\/p>\n<p>Begr\u00fcndung:<\/p>\n<p>Derzeit l\u00e4uft das Planungsverfahren f\u00fcr den 6-spurigen Ausbau der A 3. Im Zuge dieses Ausbaus werden Br\u00fcckenbauwerke und L\u00e4rmschutz neu errichtet sowie das unmittelbare Umfeld der Autobahn neu geordnet.<\/p>\n<p><!--more-->In diesem Zusammenhang bietet sich die Chance, einen kreuzungsfreien Radschnellweg parallel zur Autobahn zu realisieren und damit Kosten einzusparen gegen\u00fcber einer sp\u00e4teren Errichtung. Deshalb ist es jetzt notwendig, dass die Verwaltung pr\u00fcft, mit welchen Kosten bei diesem Projekt zu rechnen ist und wie hoch die Einsparungen im Vergleich zu einem nachtr\u00e4glichen Bau sind, bzw. ob eine nachtr\u00e4gliche Errichtung \u00fcberhaupt m\u00f6glich w\u00e4re.<\/p>\n<p><a href=\"http:\/\/spd-stadtrat.de\/?attachment_id=2416\" rel=\"attachment wp-att-2416\"><img loading=\"lazy\" class=\"alignright  wp-image-2416\" src=\"http:\/\/spd-stadtrat.de\/wp-content\/uploads\/2017\/03\/Radschnellwege-A3-1024x632.jpg\" alt=\"Radschnellwege A3\" width=\"501\" height=\"309\" srcset=\"https:\/\/spd-stadtrat.de\/wp-content\/uploads\/2017\/03\/Radschnellwege-A3-1024x632.jpg 1024w, https:\/\/spd-stadtrat.de\/wp-content\/uploads\/2017\/03\/Radschnellwege-A3-300x185.jpg 300w, https:\/\/spd-stadtrat.de\/wp-content\/uploads\/2017\/03\/Radschnellwege-A3-768x474.jpg 768w, https:\/\/spd-stadtrat.de\/wp-content\/uploads\/2017\/03\/Radschnellwege-A3-600x370.jpg 600w, https:\/\/spd-stadtrat.de\/wp-content\/uploads\/2017\/03\/Radschnellwege-A3.jpg 1263w\" sizes=\"(max-width: 501px) 100vw, 501px\" \/><\/a>Ein Radschnellweg parallel zur Autobahn w\u00e4re eine wichtige Verbindung in den Stadtosten und nach Burgweinting sowie dar\u00fcber hinaus eine attraktive Verbindung in den Landkreis. Dieser Radweg sollte nach Meinung der SPD-Fraktion im Westen mindestens bis zur Fu\u00dfg\u00e4nger- und Radfahrer-Br\u00fccke zwischen Sportzentrum und Klinikum (&#8222;Leoprechtinger Weg&#8220;) reichen. Die Verbindung nach Neutraubling erfolgt wohl am praktikabelsten bei der G\u00e4rtnersiedlung. Westlich der Bahnanlagen ist eine F\u00fchrung n\u00f6rdlich der Autobahn wohl sinnvoll. An welcher Stelle auf die S\u00fcdseite der A3 gewechselt wird, w\u00e4re nach Fl\u00e4chenverf\u00fcgbarkeit zu entscheiden. Entweder bei Irl aber auch weiter westlich, z.B. im Umfeld der Anschlussstelle Regensburg-Ost k\u00f6nnte eine Querung m\u00f6glich sein. (zum m\u00f6glichen Verlauf siehe auch angef\u00fcgte Skizze).<\/p>\n<p>Der Bund hat angek\u00fcndigt, den Bau von Radschnellwegen mit einem Volumen von 25 bis 30 Mio Euro f\u00f6rdern zu wollen (https:\/\/nationaler-radverkehrsplan.de\/de\/aktuell\/nachrichten\/bund-will-radschnellwege-staerker-foerdern). Zudem ist zu pr\u00fcfen, ob eine F\u00f6rderung seitens des Freistaates Bayerns m\u00f6glich ist.<\/p>\n<p>f\u00fcr die SPD<br \/>\nDr. Klaus Rappert<\/p>\n<p>f\u00fcr B\u00fcndnis90\/die Gr\u00fcnen<br \/>\nMargit Kunc<\/p>\n<p>f\u00fcr die FWR<br \/>\nLudwig Artinger<\/p>\n<p>f\u00fcr die FDP<br \/>\nHorst Meierhofer<\/p>\n<p>&nbsp;<\/p>\n<p>&nbsp;<\/p>\n","protected":false},"excerpt":{"rendered":"<p>Regensburg, 08.03.2017 Die Stadtratskoalition beantragt das o.g. Thema in die Tagesordnung der n\u00e4chsten Sitzung des Ausschusses f\u00fcr Stadtplanung, Verkehr und Wohnungsfragen aufzunehmen und folgenden Beschlussvorschlag zur Abstimmung zu stellen: Die Verwaltung wird beauftragt im Benehmen mit der Autobahndirektion zu pr\u00fcfen,<\/p>\n","protected":false},"author":6,"featured_media":0,"comment_status":"closed","ping_status":"open","sticky":false,"template":"","format":"standard","meta":{"ngg_post_thumbnail":0},"categories":[1],"tags":[],"jetpack_featured_media_url":"","_links":{"self":[{"href":"https:\/\/spd-stadtrat.de\/index.php?rest_route=\/wp\/v2\/posts\/2404"}],"collection":[{"href":"https:\/\/spd-stadtrat.de\/index.php?rest_route=\/wp\/v2\/posts"}],"about":[{"href":"https:\/\/spd-stadtrat.de\/index.php?rest_route=\/wp\/v2\/types\/post"}],"author":[{"embeddable":true,"href":"https:\/\/spd-stadtrat.de\/index.php?rest_route=\/wp\/v2\/users\/6"}],"replies":[{"embeddable":true,"href":"https:\/\/spd-stadtrat.de\/index.php?rest_route=%2Fwp%2Fv2%2Fcomments&post=2404"}],"version-history":[{"count":6,"href":"https:\/\/spd-stadtrat.de\/index.php?rest_route=\/wp\/v2\/posts\/2404\/revisions"}],"predecessor-version":[{"id":2418,"href":"https:\/\/spd-stadtrat.de\/index.php?rest_route=\/wp\/v2\/posts\/2404\/revisions\/2418"}],"wp:attachment":[{"href":"https:\/\/spd-stadtrat.de\/index.php?rest_route=%2Fwp%2Fv2%2Fmedia&parent=2404"}],"wp:term":[{"taxonomy":"category","embeddable":true,"href":"https:\/\/spd-stadtrat.de\/index.php?rest_route=%2Fwp%2Fv2%2Fcategories&post=2404"},{"taxonomy":"post_tag","embeddable":true,"href":"https:\/\/spd-stadtrat.de\/index.php?rest_route=%2Fwp%2Fv2%2Ftags&post=2404"}],"curies":[{"name":"wp","href":"https:\/\/api.w.org\/{rel}","templated":true}]}}