{"id":2410,"date":"2017-03-09T11:20:32","date_gmt":"2017-03-09T10:20:32","guid":{"rendered":"http:\/\/spd-stadtrat.de\/?p=2410"},"modified":"2017-03-13T14:15:38","modified_gmt":"2017-03-13T13:15:38","slug":"weltfrauentag-2017-spd-infostand-am-10-03-2017","status":"publish","type":"post","link":"https:\/\/spd-stadtrat.de\/?p=2410","title":{"rendered":"Weltfrauentag 2017"},"content":{"rendered":"<p style=\"text-align: right;\">Regensburg, 08.03.2017<\/p>\n<p>&nbsp;<\/p>\n<p><a href=\"http:\/\/spd-stadtrat.de\/?attachment_id=2423\" rel=\"attachment wp-att-2423\"><img loading=\"lazy\" class=\"alignright wp-image-2423\" src=\"http:\/\/spd-stadtrat.de\/wp-content\/uploads\/2017\/03\/WFT-2017.jpg\" alt=\" \" width=\"460\" height=\"345\" srcset=\"https:\/\/spd-stadtrat.de\/wp-content\/uploads\/2017\/03\/WFT-2017.jpg 756w, https:\/\/spd-stadtrat.de\/wp-content\/uploads\/2017\/03\/WFT-2017-300x225.jpg 300w, https:\/\/spd-stadtrat.de\/wp-content\/uploads\/2017\/03\/WFT-2017-600x450.jpg 600w\" sizes=\"(max-width: 460px) 100vw, 460px\" \/><\/a>Zum internationalen Frauentag am 8. M\u00e4rz erkl\u00e4rt Stadtr\u00e4tin Margit Wild, MdL: \u201eDie Forderung nach gleichen Rechten f\u00fcr Frauen und M\u00e4nner ist schon \u00fcber hundert Jahre alt. Doch die Machtverh\u00e4ltnisse sind auch im Jahr 2017 noch ungleich zugunsten der M\u00e4nner verteilt\u201c.<\/p>\n<p>Dabei zeige sich dies nicht nur, wie man vielleicht zun\u00e4chst denken m\u00f6chte, in Staaten wie Indien oder Saudi-Arabien. \u201eAuch in Gesellschaften, in denen Frauen formal die gleichen Rechte haben wie M\u00e4nner, ist echte Gleichstellung noch nicht erreicht \u2013 so auch in Deutschland\u201c, bekr\u00e4ftig Margit Wild.<\/p>\n<p>W\u00e4hrend Frauen vor hundert Jahren noch darum gek\u00e4mpft haben, w\u00e4hlen und politisch aktiv mitwirken zu d\u00fcrfen und daf\u00fcr auf die Stra\u00dfen gingen, erfolgt die Ungleichbehandlung gegen\u00fcber Frauen heute subtiler. \u201eAm deutlichsten tritt die fehlende Gleichstellung heute auf dem Arbeitsmarkt auf. Frauen arbeiten h\u00e4ufiger in Teilzeit oder ausschlie\u00dflich geringf\u00fcgig, wenn sie Kinder haben. Hier mangelt es an ausreichend KiTa-St\u00e4tten, die Familien entlasten k\u00f6nnten und beiden Elternteilen eine Vollzeitstelle oder vollzeitnahe Teilzeitstelle erm\u00f6glichen w\u00fcrden\u201c, so Wild weiter. Doch auch wenn Frauen Vollzeit arbeiten, verdienen sie weniger als ihre m\u00e4nnlichen Kollegen (sog. Gender-Pay-Gap) und sie sind seltener in leitenden Positionen zu finden als M\u00e4nner. \u201eDie Quote wird hier ansetzen und hoffentlich einen Wandel einl\u00e4uten. Dass die Selbstverpflichtungserkl\u00e4rungen der Gro\u00dfunternehmen f\u00fcr mehr Frauen in F\u00fchrungspositionen nur Schall und Rauch waren, zeigen die letzten 20 Jahre. Jetzt passiert endlich etwas und verkrustete Strukturen werden aufgebrochen, denn selbstverst\u00e4ndlich gibt es genauso geeignete und kompetente Frauen f\u00fcr diese Posten wie M\u00e4nner\u201c.<\/p>\n<figure id=\"attachment_2359\" aria-describedby=\"caption-attachment-2359\" style=\"width: 150px\" class=\"wp-caption alignleft\"><a href=\"http:\/\/spd-stadtrat.de\/?attachment_id=2359#main\" rel=\"attachment wp-att-2359\"><img loading=\"lazy\" class=\"size-thumbnail wp-image-2359\" src=\"http:\/\/spd-stadtrat.de\/wp-content\/uploads\/2017\/03\/Wild_Margit_2017-150x150.jpg\" alt=\"Margit Wild\" width=\"150\" height=\"150\" \/><\/a><figcaption id=\"caption-attachment-2359\" class=\"wp-caption-text\">Margit Wild<\/figcaption><\/figure>\n<p>Als stellvertretende Vorsitzende der BayernSPD Landtagsfraktion fordert Margit Wild Frauen auch auf, sich mehr politisch zu engagieren: \u201eObwohl Frauen die H\u00e4lfte der Gesellschaft ausmachen, sind sie nur mit jeweils ca. 30% im Land\u00ad und Bundestag und im Europ\u00e4ischen Parlament vertreten. Auch hier sehe ich Nachholbedarf und fordere Frauen auf: Macht Politik!\u201c.<\/p>\n<p>Auf einen weiteren Aspekt weist die Margit Wild, hin: \u201eFrauen sind h\u00e4ufiger Opfer sexueller, k\u00f6rperlicher oder psychischer Gewalt und Sexismus ist im Alltag weit verbreitet. Da m\u00fcssen wir als Gesellschaft wachsam sein!\u201c. Entsprechend setzt sich die Politikerin f\u00fcr eine bessere finanzielle Ausstattung der Frauenh\u00e4user ein.<\/p>\n","protected":false},"excerpt":{"rendered":"<p>Regensburg, 08.03.2017 &nbsp; Zum internationalen Frauentag am 8. M\u00e4rz erkl\u00e4rt Stadtr\u00e4tin Margit Wild, MdL: \u201eDie Forderung nach gleichen Rechten f\u00fcr Frauen und M\u00e4nner ist schon \u00fcber hundert Jahre alt. Doch die Machtverh\u00e4ltnisse sind auch im Jahr 2017 noch ungleich zugunsten<\/p>\n","protected":false},"author":6,"featured_media":0,"comment_status":"closed","ping_status":"open","sticky":false,"template":"","format":"standard","meta":{"ngg_post_thumbnail":0},"categories":[1],"tags":[],"jetpack_featured_media_url":"","_links":{"self":[{"href":"https:\/\/spd-stadtrat.de\/index.php?rest_route=\/wp\/v2\/posts\/2410"}],"collection":[{"href":"https:\/\/spd-stadtrat.de\/index.php?rest_route=\/wp\/v2\/posts"}],"about":[{"href":"https:\/\/spd-stadtrat.de\/index.php?rest_route=\/wp\/v2\/types\/post"}],"author":[{"embeddable":true,"href":"https:\/\/spd-stadtrat.de\/index.php?rest_route=\/wp\/v2\/users\/6"}],"replies":[{"embeddable":true,"href":"https:\/\/spd-stadtrat.de\/index.php?rest_route=%2Fwp%2Fv2%2Fcomments&post=2410"}],"version-history":[{"count":11,"href":"https:\/\/spd-stadtrat.de\/index.php?rest_route=\/wp\/v2\/posts\/2410\/revisions"}],"predecessor-version":[{"id":2428,"href":"https:\/\/spd-stadtrat.de\/index.php?rest_route=\/wp\/v2\/posts\/2410\/revisions\/2428"}],"wp:attachment":[{"href":"https:\/\/spd-stadtrat.de\/index.php?rest_route=%2Fwp%2Fv2%2Fmedia&parent=2410"}],"wp:term":[{"taxonomy":"category","embeddable":true,"href":"https:\/\/spd-stadtrat.de\/index.php?rest_route=%2Fwp%2Fv2%2Fcategories&post=2410"},{"taxonomy":"post_tag","embeddable":true,"href":"https:\/\/spd-stadtrat.de\/index.php?rest_route=%2Fwp%2Fv2%2Ftags&post=2410"}],"curies":[{"name":"wp","href":"https:\/\/api.w.org\/{rel}","templated":true}]}}