{"id":2433,"date":"2017-03-20T14:29:39","date_gmt":"2017-03-20T13:29:39","guid":{"rendered":"http:\/\/spd-stadtrat.de\/?p=2433"},"modified":"2017-03-21T09:57:15","modified_gmt":"2017-03-21T08:57:15","slug":"praevention-und-politische-bildung-sind-funktionierende-mittel-gegen-rechtsextremismus","status":"publish","type":"post","link":"https:\/\/spd-stadtrat.de\/?p=2433","title":{"rendered":"Pr\u00e4vention und Politische Bildung sind funktionierende Mittel gegen Rechtsextremismus"},"content":{"rendered":"<p style=\"text-align: right;\">Regensburg, 15.03.2017<\/p>\n<p>Unter dem Titel \u201eHass auf Menschen \u2013 Rechtsextremismus und Hate-Speech\u201c luden unsere Fraktionskollegin Margit Wild und ihr Kollege aus dem Bayerischen Landtag Florian Ritter zum Fachgespr\u00e4ch der BayernSPD-Landtagsfraktion in den Paradiesgarten in Regensburg.<\/p>\n<p><a href=\"http:\/\/spd-stadtrat.de\/?attachment_id=2442\" rel=\"attachment wp-att-2442\"><img loading=\"lazy\" class=\"alignright size-medium wp-image-2442\" src=\"http:\/\/spd-stadtrat.de\/wp-content\/uploads\/2017\/03\/Fachgespr\u00e4ch-Wild-2-1-300x182.jpg\" alt=\"Fachgespr\u00e4ch Wild 2\" width=\"300\" height=\"182\" srcset=\"https:\/\/spd-stadtrat.de\/wp-content\/uploads\/2017\/03\/Fachgespr\u00e4ch-Wild-2-1-300x182.jpg 300w, https:\/\/spd-stadtrat.de\/wp-content\/uploads\/2017\/03\/Fachgespr\u00e4ch-Wild-2-1-768x465.jpg 768w, https:\/\/spd-stadtrat.de\/wp-content\/uploads\/2017\/03\/Fachgespr\u00e4ch-Wild-2-1-600x363.jpg 600w, https:\/\/spd-stadtrat.de\/wp-content\/uploads\/2017\/03\/Fachgespr\u00e4ch-Wild-2-1.jpg 1023w\" sizes=\"(max-width: 300px) 100vw, 300px\" \/><\/a>Fraktionsvorsitzender Dr. Klaus Rappert, seine Stellvertreterin Evelyn Kolbe-Stockert und die Stadtratskollegin Dagmar Kick sind der Einladung gefolgt um Anregungen f\u00fcr die kommunalpolitische Arbeit zu gewinnen.<\/p>\n<p>\u201eTagt\u00e4glich werden wir in Zeitungen, Radio, Fernsehen und sozialen Netzwerken mit Aussagen voller Hass konfrontiert. Die S\u00e4tze richten sich gegen Frauen, Migranten, Homosexuelle, Intellektuelle, Politiker \u2013 es gibt nahezu keine Menschengruppe, die noch nicht beleidigt wurde. Die Aussagen werden getroffen vom 45. Pr\u00e4sidenten der Vereinigten Staaten, von europ\u00e4ischen Abgeordneten, von Parteivorsitzenden und von B\u00fcrgerinnen und B\u00fcrgern. Von unseren Nachbarn, von unseren Sch\u00fclern, von unseren Verwandten und von unseren Kollegen\u201c, erkl\u00e4rte die stellvertretende Vorsitzende der SPD-Landtagsfraktion\u00a0Margit Wild das Anliegen des Fachgespr\u00e4chs.<\/p>\n<p>Wilds Kollege im Bayerischen Landtag Florian Ritter legte den Zuh\u00f6rerinnen und Zuh\u00f6rern dar, welche konkreten Ausma\u00dfe der Rechtsextremismus in Bayern hat. \u201eAus den alle zwei Jahre publizierten Mitte-Studien wissen wir, welche Einstellungen bei den B\u00fcrgerinnen und B\u00fcrgern verbreitet sind. Und da sind seit vielen Jahren Ausl\u00e4nderfeindlichkeit und Chauvinismus konstant hoch\u201c, erkl\u00e4rt der Sprecher gegen Rechtsextremismus, Florian Ritter.<br \/>\nAus diesen Erkenntnissen m\u00fcssen politische Konsequenzen folgen. F\u00fcr die Sozialdemokratie sei klar, dass auch\u00a0heute noch viele Menschen nahe des Existenzminimums leben m\u00fcssen. \u201eDie Angst vor dem sozialen Abstieg m\u00fcssen wir den Menschen nehmen, das ist die Aufgabe der sozialdemokratischen Politik\u201c, fordert Ritter.<\/p>\n<p>Als Experten f\u00fcr den Bereich der Pr\u00e4vention war G\u00fcnther Kohl geladen. Kohl ist Lehrer an der Berufsschule Schwandorf und engagiert sich seit 30 Jahren gegen Rechts. Sein pers\u00f6nliches Schl\u00fcsselerlebnis war der Brandanschlag in Schwandorf auf eine t\u00fcrkische Familie im Jahr 1988. Einer seiner Sch\u00fcler war der Attent\u00e4ter. Daraufhin wurde Kohl im Bereich der Pr\u00e4vention t\u00e4tig. Laut Kohl m\u00fcssten in der Schule drei Strategien angewandt werden: Organisationsentwicklung, Personalentwicklung und Schulentwicklung. \u201eIn der Schule m\u00fcssen die Lehrkr\u00e4fte gut informiert sein, sie m\u00fcssen sich absprechen k\u00f6nnen und am gleichen Strang ziehen\u201c, erkl\u00e4rt Kohl. Aus vielen Gespr\u00e4chen mit seinen Sch\u00fclerinnen und Sch\u00fclern wei\u00df er: \u201eSteter Tropfen h\u00f6hlt den Stein. Auch, wenn Jugendliche schon tief in die rechte Szene abgedriftet sind, ist es wichtig, dass wir sie immer wieder darauf ansprechen und unsere demokratischen Werte deutlich machen\u201c, so der Berufsschullehrer.<\/p>\n<p>Als Ergebnis des Abends wurde festgehalten: &#8222;Pr\u00e4vention und Politische Bildung sind funktionierende Mittel gegen Rechtsextremismus und Hass.&#8220; Dieser Aufgabe wird sich die SPD-Stadtratsfraktion auch in Zukunft engagiert stellen.<\/p>\n","protected":false},"excerpt":{"rendered":"<p>Regensburg, 15.03.2017 Unter dem Titel \u201eHass auf Menschen \u2013 Rechtsextremismus und Hate-Speech\u201c luden unsere Fraktionskollegin Margit Wild und ihr Kollege aus dem Bayerischen Landtag Florian Ritter zum Fachgespr\u00e4ch der BayernSPD-Landtagsfraktion in den Paradiesgarten in Regensburg. Fraktionsvorsitzender Dr. Klaus Rappert, seine<\/p>\n","protected":false},"author":6,"featured_media":0,"comment_status":"closed","ping_status":"open","sticky":false,"template":"","format":"standard","meta":{"ngg_post_thumbnail":0},"categories":[1],"tags":[],"jetpack_featured_media_url":"","_links":{"self":[{"href":"https:\/\/spd-stadtrat.de\/index.php?rest_route=\/wp\/v2\/posts\/2433"}],"collection":[{"href":"https:\/\/spd-stadtrat.de\/index.php?rest_route=\/wp\/v2\/posts"}],"about":[{"href":"https:\/\/spd-stadtrat.de\/index.php?rest_route=\/wp\/v2\/types\/post"}],"author":[{"embeddable":true,"href":"https:\/\/spd-stadtrat.de\/index.php?rest_route=\/wp\/v2\/users\/6"}],"replies":[{"embeddable":true,"href":"https:\/\/spd-stadtrat.de\/index.php?rest_route=%2Fwp%2Fv2%2Fcomments&post=2433"}],"version-history":[{"count":4,"href":"https:\/\/spd-stadtrat.de\/index.php?rest_route=\/wp\/v2\/posts\/2433\/revisions"}],"predecessor-version":[{"id":2443,"href":"https:\/\/spd-stadtrat.de\/index.php?rest_route=\/wp\/v2\/posts\/2433\/revisions\/2443"}],"wp:attachment":[{"href":"https:\/\/spd-stadtrat.de\/index.php?rest_route=%2Fwp%2Fv2%2Fmedia&parent=2433"}],"wp:term":[{"taxonomy":"category","embeddable":true,"href":"https:\/\/spd-stadtrat.de\/index.php?rest_route=%2Fwp%2Fv2%2Fcategories&post=2433"},{"taxonomy":"post_tag","embeddable":true,"href":"https:\/\/spd-stadtrat.de\/index.php?rest_route=%2Fwp%2Fv2%2Ftags&post=2433"}],"curies":[{"name":"wp","href":"https:\/\/api.w.org\/{rel}","templated":true}]}}