{"id":2530,"date":"2017-05-16T08:25:36","date_gmt":"2017-05-16T06:25:36","guid":{"rendered":"http:\/\/spd-stadtrat.de\/?p=2530"},"modified":"2017-05-19T08:06:22","modified_gmt":"2017-05-19T06:06:22","slug":"der-sozialempfang-am-samstag-uebertraf-die-erwartungen","status":"publish","type":"post","link":"https:\/\/spd-stadtrat.de\/?p=2530","title":{"rendered":"Der Sozialempfang am Samstag \u00fcbertraf die Erwartungen"},"content":{"rendered":"<p style=\"text-align: right;\">Regensburg, 13.05.2017<\/p>\n<p><a href=\"http:\/\/spd-stadtrat.de\/?attachment_id=2529\" rel=\"attachment wp-att-2529\"><img loading=\"lazy\" class=\"alignleft size-medium wp-image-2529\" src=\"http:\/\/spd-stadtrat.de\/wp-content\/uploads\/2017\/05\/IMG_9765-300x225.jpg\" alt=\"IMG_9765\" width=\"300\" height=\"225\" srcset=\"https:\/\/spd-stadtrat.de\/wp-content\/uploads\/2017\/05\/IMG_9765-300x225.jpg 300w, https:\/\/spd-stadtrat.de\/wp-content\/uploads\/2017\/05\/IMG_9765-768x576.jpg 768w, https:\/\/spd-stadtrat.de\/wp-content\/uploads\/2017\/05\/IMG_9765-1024x768.jpg 1024w, https:\/\/spd-stadtrat.de\/wp-content\/uploads\/2017\/05\/IMG_9765-600x450.jpg 600w\" sizes=\"(max-width: 300px) 100vw, 300px\" \/><\/a>Rund 50 haupt- und ehrenamtlich T\u00e4tige aus Vereinen, Verb\u00e4nden und anderen Institutionen waren der Einladung zum traditionellen Sozialempfang gefolgt, den der SPD-Ortsvereines Burgweinting-Harting-Irl mit Unterst\u00fctzung zahlreicher Fraktionsmitglieder dieses Mal in den R\u00e4umen der Firma RETEX ausgerichtet hat.<\/p>\n<p>Die Veranstaltung des SPD-Ortsvereins ist ein fester Bestandteil im j\u00e4hrlichen Kalender der Stadt Regensburg. Dazu hatte der Ortsverein mit seinen Stadtr\u00e4ten Norbert Hartl, Dagmar Kick, Michael Staab und dem stv. OV-Vorsitzenden Marius Meier eingeladen.<\/p>\n<p>Unsere Fraktionsmitglieder aus Burgweinting Dagmar Kick und Michael Staab konnten die vielen ehrenamtlichen Teilnehmer der Organisationen, B\u00fcrgermeisterin Gertrud Maltz-Schwarzfischer, MdL Margit Wild, den Vorsitzenden der SPD Stadtratsfraktion Dr. Klaus Rappert und den Bundestagskandidaten Dr. Tobias Hammerl pers\u00f6nlich begr\u00fc\u00dfen.<\/p>\n<figure id=\"attachment_105\" aria-describedby=\"caption-attachment-105\" style=\"width: 150px\" class=\"wp-caption alignleft\"><a href=\"http:\/\/spd-stadtrat.de\/?attachment_id=105#main\" rel=\"attachment wp-att-105\"><img loading=\"lazy\" class=\"size-thumbnail wp-image-105\" src=\"http:\/\/spd-stadtrat.de\/wp-content\/uploads\/2015\/03\/Kick-150x150.jpg\" alt=\"Dagmar Kick\" width=\"150\" height=\"150\" \/><\/a><figcaption id=\"caption-attachment-105\" class=\"wp-caption-text\">Dagmar Kick<\/figcaption><\/figure>\n<figure id=\"attachment_111\" aria-describedby=\"caption-attachment-111\" style=\"width: 150px\" class=\"wp-caption alignright\"><a href=\"http:\/\/spd-stadtrat.de\/?attachment_id=111#main\" rel=\"attachment wp-att-111\"><img loading=\"lazy\" class=\"size-thumbnail wp-image-111\" src=\"http:\/\/spd-stadtrat.de\/wp-content\/uploads\/2015\/03\/Staab-150x150.jpg\" alt=\"Michael Staab\" width=\"150\" height=\"150\" \/><\/a><figcaption id=\"caption-attachment-111\" class=\"wp-caption-text\">Michael Staab<\/figcaption><\/figure>\n<p>Seit 45 Jahren werden Spenden seitens der SPD, vom Ortsverein und von Fraktionsmitgliedern\u00a0an die lokalen Vereine und Organisationen \u00fcberreicht.<\/p>\n<p>Mit den Spenden werden einzelne Projekte im Sozial- und Jugendbereich unterst\u00fctzt. So u.a. bei Feuerwehr Harting, Feuerwehr Burgweinting, Pfarrei St. Franziskus Burgweinting, Maria-Magdalena Kirche Burgweinting, Pfadfinder St. Franziskus, Grundschule Burgweinting, Otto-Schwerdt-Mittelschule, Jugendzentrum Utopia, Stadtteilprojekt Burgweinting, Sportverein Burgweinting, Arbeitsgemeinschaft Ortsgeschichte Burgweinting und den Turmfalken Harting.<\/p>\n<p><!--more-->B\u00fcrgermeisterin Getrud Maltz-Schwarzfischer stellte bei ihrem Gru\u00dfwort die Anerkennung an die ehrenamtlichen Helfern f\u00fcr ihr gemeinschaftliches Engagement heraus Den anwesenden Vereinen, Gruppierungen und Einrichtungen, wie Schulen, Kinderg\u00e4rten, Kirchen, Feuerwehren, Pfadfindern, Jugendzentrum, Sportverein sprach sie hier stellvertretend f\u00fcr alle Institutionen ihren besonderen Dank f\u00fcr die unvorstellbare Arbeit aus.<\/p>\n<p>Sie \u00fcbergab Frau Regina Ambrosiak vom Verein Herzt\u00f6ne eine Spende f\u00fcr das Familienzentrum Burgweinting. Das Familienzentrum ist ein Ort der Begegnung. Hier k\u00f6nnen sich Eltern und Familien auch von fachlich ausgebildeten Helfern beraten lassen. Die F\u00f6rderung von Erziehungskompetenzen im Elternalltag ist dem Verein ein wichtiges Anliegen und hier werden durch professionelle Unterst\u00fctzung und Gruppenarbeit Hilfe angeboten.<\/p>\n<p>Die Landtagsabgeordnete Margit Wild, seit \u00fcber 10 Jahren Mitglied im Landtag, bedankte sich bei allen Anwesenden , die in unserer Gesellschaft f\u00fcr gesellschaftliche und sozialen F\u00fcrsorge einstehen und spendete an Retex , gemeinsam mit Herrn Dr. Rappert einen dreistelligen Betrag. Der Verein \u201eretex \u2013 Regensburger Initiative zur Schaffung von Arbeitspl\u00e4tzen f\u00fcr psychisch kranke und behinderte Menschen\u201c wurde 1985 mit dem Ziel gegr\u00fcndet, Arbeits- und Besch\u00e4ftigungspl\u00e4tze f\u00fcr psychisch kranke, behinderte und langzeitarbeitslose Menschen zu schaffen.<\/p>\n<p>Als Beispiele der Spendenempf\u00e4nger werden u.a. Herr Pfarrer Franz Ferstl, seit 2008 in der Pfarrei St. Franziskus und St. Coloman als Seelsorger t\u00e4tig , wird mit der Zuwendung die Jugendarbeit unterst\u00fctzen. Hier gibt es ein reichhaltiges Angebot der Pfarrgemeinde wie gemeinsam die Freizeit gestalten, gegenseitige Unterst\u00fctzung und Hilfeleistung, aktive Teilnahme am Leben der Pfarrgemeinde, gemeinsamer Austausch \u00fcber wichtige Fragen des Alltags, Ausfl\u00fcge, Besuch von Veranstaltungen, Spielen, Basteln, Feiern und Vieles mehr !<\/p>\n<p>F\u00fcr die evangelische Jungen und M\u00e4dchen der Maria Magdalena Gemeinde ist die Konfirmation das gr\u00f6\u00dfte und wichtigste Fest in ihrem bisherigen kirchlichen Leben. Die 13 bis 14-j\u00e4hrigen Jugendlichen bereiten sich auf ihre Konfirmation vor und nehmen an einer Konfirmationsfahrt teil. Hier wird Pfarrerin Frau Dr. Mayer-Sch\u00e4rtel den Spendenbeitrag verwenden.<\/p>\n<p>Die Freiwilligen Feuerwehren von Burgweinting und Harting werden die Geldmittel f\u00fcr die Jugendarbeit einsetzen, um die Ausbildung und das Heranf\u00fchren an das Einsatzspektrum des abwehrenden Brandschutz, technische Hilfeleistungen (Verkehrsunf\u00e4lle, Sturm- und Unwettersch\u00e4den, Gefahrgutunf\u00e4lle) sowie den Sicherheitswachdienst bei Veranstaltungen zu forcieren.<\/p>\n<p>Die OV-Vorsitzende Dagmar Kick, der gesamte Ortsverein der SPD und alle Teilnehmer w\u00fcrdigten einmal mehr den pers\u00f6nlichen Einsatz der B\u00fcrger in Regensburg, um das Miteinander im Rahmen eines sozialen Engagements zu f\u00f6rdern.<\/p>\n","protected":false},"excerpt":{"rendered":"<p>Regensburg, 13.05.2017 Rund 50 haupt- und ehrenamtlich T\u00e4tige aus Vereinen, Verb\u00e4nden und anderen Institutionen waren der Einladung zum traditionellen Sozialempfang gefolgt, den der SPD-Ortsvereines Burgweinting-Harting-Irl mit Unterst\u00fctzung zahlreicher Fraktionsmitglieder dieses Mal in den R\u00e4umen der Firma RETEX ausgerichtet hat. Die<\/p>\n","protected":false},"author":6,"featured_media":0,"comment_status":"closed","ping_status":"open","sticky":false,"template":"","format":"standard","meta":{"ngg_post_thumbnail":0},"categories":[1],"tags":[],"jetpack_featured_media_url":"","_links":{"self":[{"href":"https:\/\/spd-stadtrat.de\/index.php?rest_route=\/wp\/v2\/posts\/2530"}],"collection":[{"href":"https:\/\/spd-stadtrat.de\/index.php?rest_route=\/wp\/v2\/posts"}],"about":[{"href":"https:\/\/spd-stadtrat.de\/index.php?rest_route=\/wp\/v2\/types\/post"}],"author":[{"embeddable":true,"href":"https:\/\/spd-stadtrat.de\/index.php?rest_route=\/wp\/v2\/users\/6"}],"replies":[{"embeddable":true,"href":"https:\/\/spd-stadtrat.de\/index.php?rest_route=%2Fwp%2Fv2%2Fcomments&post=2530"}],"version-history":[{"count":5,"href":"https:\/\/spd-stadtrat.de\/index.php?rest_route=\/wp\/v2\/posts\/2530\/revisions"}],"predecessor-version":[{"id":2549,"href":"https:\/\/spd-stadtrat.de\/index.php?rest_route=\/wp\/v2\/posts\/2530\/revisions\/2549"}],"wp:attachment":[{"href":"https:\/\/spd-stadtrat.de\/index.php?rest_route=%2Fwp%2Fv2%2Fmedia&parent=2530"}],"wp:term":[{"taxonomy":"category","embeddable":true,"href":"https:\/\/spd-stadtrat.de\/index.php?rest_route=%2Fwp%2Fv2%2Fcategories&post=2530"},{"taxonomy":"post_tag","embeddable":true,"href":"https:\/\/spd-stadtrat.de\/index.php?rest_route=%2Fwp%2Fv2%2Ftags&post=2530"}],"curies":[{"name":"wp","href":"https:\/\/api.w.org\/{rel}","templated":true}]}}