{"id":2602,"date":"2017-07-11T09:13:02","date_gmt":"2017-07-11T07:13:02","guid":{"rendered":"http:\/\/spd-stadtrat.de\/?p=2602"},"modified":"2017-07-11T09:13:02","modified_gmt":"2017-07-11T07:13:02","slug":"70-jahre-stadtjugendring","status":"publish","type":"post","link":"https:\/\/spd-stadtrat.de\/?p=2602","title":{"rendered":"70 Jahre Stadtjugendring"},"content":{"rendered":"<p style=\"text-align: right;\">Regensburg, 06.07.2017<\/p>\n<p><a href=\"http:\/\/spd-stadtrat.de\/?attachment_id=2597\" rel=\"attachment wp-att-2597\"><img loading=\"lazy\" class=\"alignright size-medium wp-image-2597\" src=\"http:\/\/spd-stadtrat.de\/wp-content\/uploads\/2017\/07\/StJR-70-300x252.jpg\" alt=\"StJR-70\" width=\"300\" height=\"252\" srcset=\"https:\/\/spd-stadtrat.de\/wp-content\/uploads\/2017\/07\/StJR-70-300x252.jpg 300w, https:\/\/spd-stadtrat.de\/wp-content\/uploads\/2017\/07\/StJR-70-768x645.jpg 768w, https:\/\/spd-stadtrat.de\/wp-content\/uploads\/2017\/07\/StJR-70-1024x860.jpg 1024w, https:\/\/spd-stadtrat.de\/wp-content\/uploads\/2017\/07\/StJR-70-600x504.jpg 600w\" sizes=\"(max-width: 300px) 100vw, 300px\" \/><\/a>Unter dem Motto \u201eGemeinsam Haltung zeigen\u201c pr\u00e4sentierte sich der Stadtjugendring zur Jubil\u00e4umsfeier \u201e70 Jahre Stadtjugendring Regensburg\u201c.<\/p>\n<p>Unser Faktionsmitglieder Juba Akili, Dr. Thomas Burger, Dagmar Kick,\u00a0Evelyn Kolbe-Stockert und Margot Neuner haben die Gelegenheit zu einem Gedankentausch mit den Vertretern der Stadtjugendrings genutzt.<\/p>\n<p>In seinem Gru\u00dfwort zu diesem Jubil\u00e4um versprach Philipp Seitz\u00a0 &#8211; als Vorsitzender des Stadtjugendrings Regensburg -, dass sich der Stadtjugendring auch in Zukunft f\u00fcr die Interessen von Kindern und Jugendlichen einsetzen will, \u00a0ihnen eine Stimme geben und als Sprachrohr agieren wird.<\/p>\n<p>In ihren Gru\u00dfworten bedankten sich B\u00fcrgermeistern Gertrud Maltz-Schwarzfischer und auch Matthias Fack, Pr\u00e4sident des Bayerischen Jugendringes, f\u00fcr das gro\u00dfe Engagement in der Vergangenheit.<\/p>\n<p>Diesem Dank schlie\u00dft sich die SPD-Stadtratsfraktion hiermit herzlichst an.<\/p>\n","protected":false},"excerpt":{"rendered":"<p>Regensburg, 06.07.2017 Unter dem Motto \u201eGemeinsam Haltung zeigen\u201c pr\u00e4sentierte sich der Stadtjugendring zur Jubil\u00e4umsfeier \u201e70 Jahre Stadtjugendring Regensburg\u201c. Unser Faktionsmitglieder Juba Akili, Dr. Thomas Burger, Dagmar Kick,\u00a0Evelyn Kolbe-Stockert und Margot Neuner haben die Gelegenheit zu einem Gedankentausch mit den Vertretern<\/p>\n","protected":false},"author":6,"featured_media":0,"comment_status":"closed","ping_status":"open","sticky":false,"template":"","format":"standard","meta":{"ngg_post_thumbnail":0},"categories":[1],"tags":[],"jetpack_featured_media_url":"","_links":{"self":[{"href":"https:\/\/spd-stadtrat.de\/index.php?rest_route=\/wp\/v2\/posts\/2602"}],"collection":[{"href":"https:\/\/spd-stadtrat.de\/index.php?rest_route=\/wp\/v2\/posts"}],"about":[{"href":"https:\/\/spd-stadtrat.de\/index.php?rest_route=\/wp\/v2\/types\/post"}],"author":[{"embeddable":true,"href":"https:\/\/spd-stadtrat.de\/index.php?rest_route=\/wp\/v2\/users\/6"}],"replies":[{"embeddable":true,"href":"https:\/\/spd-stadtrat.de\/index.php?rest_route=%2Fwp%2Fv2%2Fcomments&post=2602"}],"version-history":[{"count":3,"href":"https:\/\/spd-stadtrat.de\/index.php?rest_route=\/wp\/v2\/posts\/2602\/revisions"}],"predecessor-version":[{"id":2608,"href":"https:\/\/spd-stadtrat.de\/index.php?rest_route=\/wp\/v2\/posts\/2602\/revisions\/2608"}],"wp:attachment":[{"href":"https:\/\/spd-stadtrat.de\/index.php?rest_route=%2Fwp%2Fv2%2Fmedia&parent=2602"}],"wp:term":[{"taxonomy":"category","embeddable":true,"href":"https:\/\/spd-stadtrat.de\/index.php?rest_route=%2Fwp%2Fv2%2Fcategories&post=2602"},{"taxonomy":"post_tag","embeddable":true,"href":"https:\/\/spd-stadtrat.de\/index.php?rest_route=%2Fwp%2Fv2%2Ftags&post=2602"}],"curies":[{"name":"wp","href":"https:\/\/api.w.org\/{rel}","templated":true}]}}