{"id":2772,"date":"2017-11-15T10:09:43","date_gmt":"2017-11-15T09:09:43","guid":{"rendered":"http:\/\/spd-stadtrat.de\/?p=2772"},"modified":"2017-11-15T10:15:11","modified_gmt":"2017-11-15T09:15:11","slug":"wir-gratuliert-dem-regensburger-treffpunkt-seniorenbuero-zu-25-jahren","status":"publish","type":"post","link":"https:\/\/spd-stadtrat.de\/?p=2772","title":{"rendered":"Wir gratulieren dem Regensburger Treffpunkt Seniorenb\u00fcro zu 25 Jahren"},"content":{"rendered":"<p style=\"text-align: right;\">Regensburg, 14.11.2017<\/p>\n<figure id=\"attachment_2771\" aria-describedby=\"caption-attachment-2771\" style=\"width: 300px\" class=\"wp-caption alignright\"><a href=\"http:\/\/spd-stadtrat.de\/?attachment_id=2771\" rel=\"attachment wp-att-2771\"><img loading=\"lazy\" class=\"size-medium wp-image-2771\" src=\"http:\/\/spd-stadtrat.de\/wp-content\/uploads\/2017\/11\/Seniorenb\u00fcro-300x200.jpg\" alt=\"(Bildquelle: Stadt Regensburg\/Stefan Effenhauser)\" width=\"300\" height=\"200\" srcset=\"https:\/\/spd-stadtrat.de\/wp-content\/uploads\/2017\/11\/Seniorenb\u00fcro-300x200.jpg 300w, https:\/\/spd-stadtrat.de\/wp-content\/uploads\/2017\/11\/Seniorenb\u00fcro-768x512.jpg 768w, https:\/\/spd-stadtrat.de\/wp-content\/uploads\/2017\/11\/Seniorenb\u00fcro-1024x683.jpg 1024w, https:\/\/spd-stadtrat.de\/wp-content\/uploads\/2017\/11\/Seniorenb\u00fcro-600x400.jpg 600w\" sizes=\"(max-width: 300px) 100vw, 300px\" \/><\/a><figcaption id=\"caption-attachment-2771\" class=\"wp-caption-text\">(Bild: Stadt Regensburg\/Stefan Effenhauser)<\/figcaption><\/figure>\n<p>Die SPD-Stadtratsfraktion gratuliert dem Regensburger Treffpunkt Seniorenb\u00fcro zu 25 Jahren. Die damalige Oberb\u00fcrgermeisterin Christa Meier hatte die Idee zum Treffpunkt Seniorenb\u00fcro.<\/p>\n<p>Der Treffpunkt Seniorenb\u00fcro sollte aktiven und \u00e4lteren Menschen eine M\u00f6glichkeit bieten, im Rahmen eines Ehrenamts ihre Erfahrung und\u00a0ihre Kenntnisse f\u00fcr andere einzusetzen. Die Idee wurde zum gro\u00dfen Erfolg und feierte nun 25-j\u00e4hriges Bestehen.<\/p>\n<div class=\"articleText2\">\n<p>Als Festredner war Franz M\u00fcntefering geladen. Der ehemalige Bundesminister ist inzwischen mit 77 Jahren selbst Senior und skizzierte die Herausforderungen, vor denen die Kommunen durch die \u00e4lter werdende Gesellschaft stehen: Gesundheitsversorgung, Mobilit\u00e4t und seniorengerechte Wohnformen sind nur drei Beispiele.<\/p>\n<p>Zusammen mit B\u00fcrgermeisterin Gertrud Maltz-Schwarzfischer haben unsere Stadtr\u00e4tinnen\u00a0Evelyn Kolbe-Stockert und Margit Wild die SPD-Fraktion bei der Feier vertreten.<\/p>\n<\/div>\n","protected":false},"excerpt":{"rendered":"<p>Regensburg, 14.11.2017 Die SPD-Stadtratsfraktion gratuliert dem Regensburger Treffpunkt Seniorenb\u00fcro zu 25 Jahren. Die damalige Oberb\u00fcrgermeisterin Christa Meier hatte die Idee zum Treffpunkt Seniorenb\u00fcro. Der Treffpunkt Seniorenb\u00fcro sollte aktiven und \u00e4lteren Menschen eine M\u00f6glichkeit bieten, im Rahmen eines Ehrenamts ihre Erfahrung<\/p>\n","protected":false},"author":6,"featured_media":0,"comment_status":"closed","ping_status":"open","sticky":false,"template":"","format":"standard","meta":{"ngg_post_thumbnail":0},"categories":[1],"tags":[],"jetpack_featured_media_url":"","_links":{"self":[{"href":"https:\/\/spd-stadtrat.de\/index.php?rest_route=\/wp\/v2\/posts\/2772"}],"collection":[{"href":"https:\/\/spd-stadtrat.de\/index.php?rest_route=\/wp\/v2\/posts"}],"about":[{"href":"https:\/\/spd-stadtrat.de\/index.php?rest_route=\/wp\/v2\/types\/post"}],"author":[{"embeddable":true,"href":"https:\/\/spd-stadtrat.de\/index.php?rest_route=\/wp\/v2\/users\/6"}],"replies":[{"embeddable":true,"href":"https:\/\/spd-stadtrat.de\/index.php?rest_route=%2Fwp%2Fv2%2Fcomments&post=2772"}],"version-history":[{"count":3,"href":"https:\/\/spd-stadtrat.de\/index.php?rest_route=\/wp\/v2\/posts\/2772\/revisions"}],"predecessor-version":[{"id":2809,"href":"https:\/\/spd-stadtrat.de\/index.php?rest_route=\/wp\/v2\/posts\/2772\/revisions\/2809"}],"wp:attachment":[{"href":"https:\/\/spd-stadtrat.de\/index.php?rest_route=%2Fwp%2Fv2%2Fmedia&parent=2772"}],"wp:term":[{"taxonomy":"category","embeddable":true,"href":"https:\/\/spd-stadtrat.de\/index.php?rest_route=%2Fwp%2Fv2%2Fcategories&post=2772"},{"taxonomy":"post_tag","embeddable":true,"href":"https:\/\/spd-stadtrat.de\/index.php?rest_route=%2Fwp%2Fv2%2Ftags&post=2772"}],"curies":[{"name":"wp","href":"https:\/\/api.w.org\/{rel}","templated":true}]}}