{"id":2819,"date":"2017-11-28T14:09:56","date_gmt":"2017-11-28T13:09:56","guid":{"rendered":"http:\/\/spd-stadtrat.de\/?p=2819"},"modified":"2017-11-28T11:10:54","modified_gmt":"2017-11-28T10:10:54","slug":"43-weihnachtsbasar-der-berufsschule","status":"publish","type":"post","link":"https:\/\/spd-stadtrat.de\/?p=2819","title":{"rendered":"43. Weihnachtsbasar der Berufsschule"},"content":{"rendered":"<p style=\"text-align: right;\">Regensburg, 27.11.2017<\/p>\n<figure id=\"attachment_2821\" aria-describedby=\"caption-attachment-2821\" style=\"width: 278px\" class=\"wp-caption alignleft\"><a href=\"http:\/\/spd-stadtrat.de\/?attachment_id=2821\" rel=\"attachment wp-att-2821\"><img loading=\"lazy\" class=\" wp-image-2821\" src=\"http:\/\/spd-stadtrat.de\/wp-content\/uploads\/2017\/11\/Weihnachtsbasar-BS1jpg-e1511851542712-225x300.jpg\" alt=\"B\u00fcrgermeisterin Gertrud Maltz-Schwarzfischer und Stadtr\u00e4tin Margit Wild beim Weihnachtsbasar\" width=\"278\" height=\"371\" srcset=\"https:\/\/spd-stadtrat.de\/wp-content\/uploads\/2017\/11\/Weihnachtsbasar-BS1jpg-e1511851542712-225x300.jpg 225w, https:\/\/spd-stadtrat.de\/wp-content\/uploads\/2017\/11\/Weihnachtsbasar-BS1jpg-e1511851542712.jpg 480w\" sizes=\"(max-width: 278px) 100vw, 278px\" \/><\/a><figcaption id=\"caption-attachment-2821\" class=\"wp-caption-text\">B\u00fcrgermeisterin Gertrud Maltz-Schwarzfischer und Stadtr\u00e4tin Margit Wild beim Weihnachtsbasar<\/figcaption><\/figure>\n<p>Auch heuer wieder haben Mitglieder unserer Fraktion die Er\u00f6ffnung des Weihnachtsbasars der St\u00e4dtischen Berufsschule besucht und damit ihre Wertsch\u00e4tzung f\u00fcr die Arbeit der Schule und die Sch\u00fclerinnen und Sch\u00fcler zum Ausdruck gebracht.<\/p>\n<p>Der Reinerl\u00f6s des Basars, der heuer zum 43. mal durchgef\u00fchrt wird, geht an die Lebenshilfe e.V. , das Frauenhaus Regensburg und den Verein zweites Leben e.V.<\/p>\n<p>Die SPD-Stadtratsfraktion dankt den Sch\u00fclerinnen und Sch\u00fclern sowie den Lehrkr\u00e4ften der Schule f\u00fcr ihr Engagement zugunsten dieser Einrichtungen.<\/p>\n<p>&nbsp;<\/p>\n<p>&nbsp;<\/p>\n<p>&nbsp;<\/p>\n","protected":false},"excerpt":{"rendered":"<p>Regensburg, 27.11.2017 Auch heuer wieder haben Mitglieder unserer Fraktion die Er\u00f6ffnung des Weihnachtsbasars der St\u00e4dtischen Berufsschule besucht und damit ihre Wertsch\u00e4tzung f\u00fcr die Arbeit der Schule und die Sch\u00fclerinnen und Sch\u00fcler zum Ausdruck gebracht. Der Reinerl\u00f6s des Basars, der heuer<\/p>\n","protected":false},"author":6,"featured_media":0,"comment_status":"closed","ping_status":"open","sticky":false,"template":"","format":"standard","meta":{"ngg_post_thumbnail":0},"categories":[1],"tags":[],"jetpack_featured_media_url":"","_links":{"self":[{"href":"https:\/\/spd-stadtrat.de\/index.php?rest_route=\/wp\/v2\/posts\/2819"}],"collection":[{"href":"https:\/\/spd-stadtrat.de\/index.php?rest_route=\/wp\/v2\/posts"}],"about":[{"href":"https:\/\/spd-stadtrat.de\/index.php?rest_route=\/wp\/v2\/types\/post"}],"author":[{"embeddable":true,"href":"https:\/\/spd-stadtrat.de\/index.php?rest_route=\/wp\/v2\/users\/6"}],"replies":[{"embeddable":true,"href":"https:\/\/spd-stadtrat.de\/index.php?rest_route=%2Fwp%2Fv2%2Fcomments&post=2819"}],"version-history":[{"count":3,"href":"https:\/\/spd-stadtrat.de\/index.php?rest_route=\/wp\/v2\/posts\/2819\/revisions"}],"predecessor-version":[{"id":2834,"href":"https:\/\/spd-stadtrat.de\/index.php?rest_route=\/wp\/v2\/posts\/2819\/revisions\/2834"}],"wp:attachment":[{"href":"https:\/\/spd-stadtrat.de\/index.php?rest_route=%2Fwp%2Fv2%2Fmedia&parent=2819"}],"wp:term":[{"taxonomy":"category","embeddable":true,"href":"https:\/\/spd-stadtrat.de\/index.php?rest_route=%2Fwp%2Fv2%2Fcategories&post=2819"},{"taxonomy":"post_tag","embeddable":true,"href":"https:\/\/spd-stadtrat.de\/index.php?rest_route=%2Fwp%2Fv2%2Ftags&post=2819"}],"curies":[{"name":"wp","href":"https:\/\/api.w.org\/{rel}","templated":true}]}}