{"id":2825,"date":"2017-11-28T10:38:54","date_gmt":"2017-11-28T09:38:54","guid":{"rendered":"http:\/\/spd-stadtrat.de\/?p=2825"},"modified":"2017-11-28T10:38:54","modified_gmt":"2017-11-28T09:38:54","slug":"mehr-als-nur-der-stadtpass-regensburg-bekaempft-armut-mit-einem-buendel-von-massnahmen","status":"publish","type":"post","link":"https:\/\/spd-stadtrat.de\/?p=2825","title":{"rendered":"Mehr als nur der Stadtpass: Regensburg bek\u00e4mpft Armut mit einem B\u00fcndel von Ma\u00dfnahmen"},"content":{"rendered":"<p style=\"text-align: right;\"><em>Regensburg, 17.11.2017<\/em><\/p>\n<figure id=\"attachment_1678\" aria-describedby=\"caption-attachment-1678\" style=\"width: 150px\" class=\"wp-caption alignright\"><a href=\"http:\/\/spd-stadtrat.de\/?attachment_id=1678#main\" rel=\"attachment wp-att-1678\"><img loading=\"lazy\" class=\"size-thumbnail wp-image-1678\" src=\"http:\/\/spd-stadtrat.de\/wp-content\/uploads\/2016\/03\/E-Kolbe-Stockert-150x150.jpg\" alt=\"Evelyn Kolbe-Stockert\" width=\"150\" height=\"150\" \/><\/a><figcaption id=\"caption-attachment-1678\" class=\"wp-caption-text\">Evelyn Kolbe-Stockert<\/figcaption><\/figure>\n<p>Die Einf\u00fchrung des Stadtpasses ist sicherlich ein Leuchtturmprojekt st\u00e4dtischer Sozialpolitik, erm\u00f6glichen doch die 16.717 bisher ausgestellten Stadtp\u00e4sse den Menschen ein St\u00fcck mehr Teilhabe am Leben in unserer Stadt.<\/p>\n<p>Wir wollen uns aber nicht darauf beschr\u00e4nken, nachsorgend Armut \u201eertr\u00e4glich zu machen\u201c und zu verwalten. Wir akzeptieren Armut nicht als unver\u00e4nderlichen Ist-Zustand.<\/p>\n<p>Unser Ziel ist es, durch vielf\u00e4ltige Ma\u00dfnahmen die Entstehung von Armut zu verhindern und Wege aus der Armut zu ebnen.<\/p>\n<p>Armut definieren wir hierbei nicht nur finanziell. Armut ist f\u00fcr uns viel weiter gefasst. Sie reicht von fehlenden Bildungschancen bis zur Vereinsamung wegen fehlender sozialer Kontakte im Alter.<\/p>\n<p>Mit einem breit gef\u00e4cherten B\u00fcndel von Ma\u00dfnahmen bek\u00e4mpft die Stadt Regensburg deshalb Ursachen und Auswirkungen der Armut. Diese Ma\u00dfnahmen reichen \u00fcber alle Altersgruppen, von der Schaffung ausreichender Kinderbetreuungseinrichtungen bis zur aufsuchenden Sozialarbeit f\u00fcr Seniorinnen und Senioren.<\/p>\n<p><!--more-->So erf\u00fcllt die st\u00e4dtische Beratungsstelle mit mobilem Sozialdienst seit Januar 2016 eine dringend notwendige Lotsenfunktion. Zudem gew\u00e4hrt sie mit ihrem mobilen Sozialdienst ein niederschwelliges Angebot f\u00fcr Menschen in sozial schwierigen Lagen. Allein schon die hohe Anzahl der Kontakte \u2013 2755 \u2013 zeigt, wie notwendig dieses Angebot war, aber auch, wie gut es angenommen worden ist.<\/p>\n<p>Die Mitarbeiter dieser Beratungsstelle haben im Rahmen ihrer \u201eK\u00fcmmerfunktion\u201c 220 Familien zur Seite gestanden, waren also unterst\u00fctzend t\u00e4tig. Diese Zahl ist sehr bemerkenswert.<\/p>\n<p>Die Ma\u00dfnahme wird im aktuellen Sozialbericht weiterhin als sehr wichtig priorisiert. Die SPD-Fraktion wird sich daher auch weiterhin mit Nachdruck f\u00fcr die Umsetzung der Ma\u00dfnahme einsetzen.<\/p>\n<p>\u201eMit der Schaffung einer Anlaufstelle f\u00fcr den Tagesaufenthalt von suchtkranke Menschen konnte eine wichtige Versorgungsl\u00fccke geschlossen werden\u201c, betont Stadtr\u00e4tin Evelyn Kolbe-Stockert. Mit der Inbetriebnahme des Kontaktladens von DrugStop Regensburg soll eine weitere wichtige Ma\u00dfnahme umgesetzt worden.<\/p>\n<p>&nbsp;<\/p>\n","protected":false},"excerpt":{"rendered":"<p>Regensburg, 17.11.2017 Die Einf\u00fchrung des Stadtpasses ist sicherlich ein Leuchtturmprojekt st\u00e4dtischer Sozialpolitik, erm\u00f6glichen doch die 16.717 bisher ausgestellten Stadtp\u00e4sse den Menschen ein St\u00fcck mehr Teilhabe am Leben in unserer Stadt. Wir wollen uns aber nicht darauf beschr\u00e4nken, nachsorgend Armut \u201eertr\u00e4glich<\/p>\n","protected":false},"author":6,"featured_media":0,"comment_status":"closed","ping_status":"open","sticky":false,"template":"","format":"standard","meta":{"ngg_post_thumbnail":0},"categories":[1],"tags":[],"jetpack_featured_media_url":"","_links":{"self":[{"href":"https:\/\/spd-stadtrat.de\/index.php?rest_route=\/wp\/v2\/posts\/2825"}],"collection":[{"href":"https:\/\/spd-stadtrat.de\/index.php?rest_route=\/wp\/v2\/posts"}],"about":[{"href":"https:\/\/spd-stadtrat.de\/index.php?rest_route=\/wp\/v2\/types\/post"}],"author":[{"embeddable":true,"href":"https:\/\/spd-stadtrat.de\/index.php?rest_route=\/wp\/v2\/users\/6"}],"replies":[{"embeddable":true,"href":"https:\/\/spd-stadtrat.de\/index.php?rest_route=%2Fwp%2Fv2%2Fcomments&post=2825"}],"version-history":[{"count":4,"href":"https:\/\/spd-stadtrat.de\/index.php?rest_route=\/wp\/v2\/posts\/2825\/revisions"}],"predecessor-version":[{"id":2832,"href":"https:\/\/spd-stadtrat.de\/index.php?rest_route=\/wp\/v2\/posts\/2825\/revisions\/2832"}],"wp:attachment":[{"href":"https:\/\/spd-stadtrat.de\/index.php?rest_route=%2Fwp%2Fv2%2Fmedia&parent=2825"}],"wp:term":[{"taxonomy":"category","embeddable":true,"href":"https:\/\/spd-stadtrat.de\/index.php?rest_route=%2Fwp%2Fv2%2Fcategories&post=2825"},{"taxonomy":"post_tag","embeddable":true,"href":"https:\/\/spd-stadtrat.de\/index.php?rest_route=%2Fwp%2Fv2%2Ftags&post=2825"}],"curies":[{"name":"wp","href":"https:\/\/api.w.org\/{rel}","templated":true}]}}