{"id":2835,"date":"2017-11-28T17:11:04","date_gmt":"2017-11-28T16:11:04","guid":{"rendered":"http:\/\/spd-stadtrat.de\/?p=2835"},"modified":"2017-11-28T11:14:03","modified_gmt":"2017-11-28T10:14:03","slug":"gefoerderter-wohnungsbau-in-der-nibelungenkaserne-sachstandsbericht-im-zustaendigen-ausschuss","status":"publish","type":"post","link":"https:\/\/spd-stadtrat.de\/?p=2835","title":{"rendered":"Gef\u00f6rderter Wohnungsbau in der Nibelungenkaserne; Sachstandsbericht im zust\u00e4ndigen Ausschuss"},"content":{"rendered":"<p style=\"text-align: right;\">Regensburg, 28.11.2017<\/p>\n<p>\u201eWille der SPD-Stadtratsfraktion ist selbstverst\u00e4ndlich, dass die vereinbarten gef\u00f6rderten Wohnungen auf dem Areal der ehem. Nibelungenkaserne so schnell wie m\u00f6glich verwirklicht werden sollen\u201c, merkt Fraktionsvorsitzender Dr. Rappert an.<\/p>\n<p>Die SPD-Fraktion hat deshalb heute bei der Stadt beantragt, im zust\u00e4ndigen Ausschuss einen Bericht zum Stand des gef\u00f6rderten Wohnungsbaues in der Nibelungenkaserne zur geben.<\/p>\n<figure id=\"attachment_2252\" aria-describedby=\"caption-attachment-2252\" style=\"width: 150px\" class=\"wp-caption alignright\"><a href=\"http:\/\/spd-stadtrat.de\/?attachment_id=2252#main\" rel=\"attachment wp-att-2252\"><img loading=\"lazy\" class=\"size-thumbnail wp-image-2252\" src=\"http:\/\/spd-stadtrat.de\/wp-content\/uploads\/2017\/02\/Klaus-Rappert-n-150x150.jpg\" alt=\"Dr. Klaus Rappert\" width=\"150\" height=\"150\" \/><\/a><figcaption id=\"caption-attachment-2252\" class=\"wp-caption-text\">Dr. Klaus Rappert<br \/>Fraktionsvorsitzender<\/figcaption><\/figure>\n<p>Sie erwartet dabei insbesondere Antworten zu folgenden Fragen:<\/p>\n<ol>\n<li>In welchem Umfang und wann sind bereits Bauantr\u00e4ge f\u00fcr den gef\u00f6rderten Wohnungsbau gestellt\/genehmigt worden?<\/li>\n<li>Liegt der Bau der gef\u00f6rderten Wohnungen im vertraglich vereinbarten Zeitplan bzw. welche Abweichungen sind vorgesehen?<\/li>\n<li>Welche M\u00f6glichkeiten sieht der Grundst\u00fcckskaufvertrag vor, wenn Vereinbarungen vom K\u00e4ufer nicht eingehalten werden (z.B. Vertragsstrafen, R\u00fcckkaufsrecht)?<\/li>\n<li>In welchem Umfang gibt es bereits F\u00f6rderzusagen (F\u00f6rderbescheide) f\u00fcr die geplanten Wohnungen? Wie lange sind die F\u00f6rderzusagen g\u00fcltig?<\/li>\n<\/ol>\n<p>\u201eNachdem \u00f6ffentlich in Zweifel gezogen wurde, dass die geplanten, gef\u00f6rderten Wohnungen in der Nibelungenkaserne wie vorgesehen errichtet werden, ist eine Klarstellung gegen\u00fcber dem Stadtrat und, soweit vertrauliche Gesichtspunkte aus den Grundst\u00fccksvertr\u00e4gen dem nicht entgegenstehen, auch gegen\u00fcber der \u00d6ffentlichkeit angezeigt\u201c, erkl\u00e4rt Dr. Rappert.<\/p>\n","protected":false},"excerpt":{"rendered":"<p>Regensburg, 28.11.2017 \u201eWille der SPD-Stadtratsfraktion ist selbstverst\u00e4ndlich, dass die vereinbarten gef\u00f6rderten Wohnungen auf dem Areal der ehem. Nibelungenkaserne so schnell wie m\u00f6glich verwirklicht werden sollen\u201c, merkt Fraktionsvorsitzender Dr. Rappert an. Die SPD-Fraktion hat deshalb heute bei der Stadt beantragt, im<\/p>\n","protected":false},"author":6,"featured_media":0,"comment_status":"closed","ping_status":"open","sticky":false,"template":"","format":"standard","meta":{"ngg_post_thumbnail":0},"categories":[1],"tags":[],"jetpack_featured_media_url":"","_links":{"self":[{"href":"https:\/\/spd-stadtrat.de\/index.php?rest_route=\/wp\/v2\/posts\/2835"}],"collection":[{"href":"https:\/\/spd-stadtrat.de\/index.php?rest_route=\/wp\/v2\/posts"}],"about":[{"href":"https:\/\/spd-stadtrat.de\/index.php?rest_route=\/wp\/v2\/types\/post"}],"author":[{"embeddable":true,"href":"https:\/\/spd-stadtrat.de\/index.php?rest_route=\/wp\/v2\/users\/6"}],"replies":[{"embeddable":true,"href":"https:\/\/spd-stadtrat.de\/index.php?rest_route=%2Fwp%2Fv2%2Fcomments&post=2835"}],"version-history":[{"count":1,"href":"https:\/\/spd-stadtrat.de\/index.php?rest_route=\/wp\/v2\/posts\/2835\/revisions"}],"predecessor-version":[{"id":2836,"href":"https:\/\/spd-stadtrat.de\/index.php?rest_route=\/wp\/v2\/posts\/2835\/revisions\/2836"}],"wp:attachment":[{"href":"https:\/\/spd-stadtrat.de\/index.php?rest_route=%2Fwp%2Fv2%2Fmedia&parent=2835"}],"wp:term":[{"taxonomy":"category","embeddable":true,"href":"https:\/\/spd-stadtrat.de\/index.php?rest_route=%2Fwp%2Fv2%2Fcategories&post=2835"},{"taxonomy":"post_tag","embeddable":true,"href":"https:\/\/spd-stadtrat.de\/index.php?rest_route=%2Fwp%2Fv2%2Ftags&post=2835"}],"curies":[{"name":"wp","href":"https:\/\/api.w.org\/{rel}","templated":true}]}}