{"id":2891,"date":"2017-12-20T19:38:45","date_gmt":"2017-12-20T18:38:45","guid":{"rendered":"http:\/\/spd-stadtrat.de\/?p=2891"},"modified":"2018-01-23T09:49:08","modified_gmt":"2018-01-23T08:49:08","slug":"infostand-zu-weihnachten","status":"publish","type":"post","link":"https:\/\/spd-stadtrat.de\/?p=2891","title":{"rendered":"Infostand zu Weihnachten"},"content":{"rendered":"<p style=\"text-align: right;\">Regensburg, 18.12.2017<\/p>\n<p><a href=\"http:\/\/spd-stadtrat.de\/?attachment_id=2893\" rel=\"attachment wp-att-2893\"><img loading=\"lazy\" class=\"size-medium wp-image-2893 alignleft\" src=\"http:\/\/spd-stadtrat.de\/wp-content\/uploads\/2017\/12\/Infostand-Weihnachten-2-300x169.jpg\" alt=\"\" width=\"300\" height=\"169\" srcset=\"https:\/\/spd-stadtrat.de\/wp-content\/uploads\/2017\/12\/Infostand-Weihnachten-2-300x169.jpg 300w, https:\/\/spd-stadtrat.de\/wp-content\/uploads\/2017\/12\/Infostand-Weihnachten-2-600x338.jpg 600w, https:\/\/spd-stadtrat.de\/wp-content\/uploads\/2017\/12\/Infostand-Weihnachten-2.jpg 746w\" sizes=\"(max-width: 300px) 100vw, 300px\" \/><\/a>Die Regensburger SPD und unsere Fraktionsmitglieder waren am vergangenen Wochenende unterwegs um kurz vor Weihnachten mit den B\u00fcrgerinnen und B\u00fcrgern ins Gespr\u00e4ch zu kommen und ihnen frohe Weihnachten zu w\u00fcnschen.<\/p>\n<p>Bei Infost\u00e4nden in der Altstadt und am Kumpfm\u00fchler Markt hat die Regensburger SPD Schokolade verteilt und auf kommunalpolitische Erfolge hingewiesen.<a href=\"http:\/\/spd-stadtrat.de\/?attachment_id=2890\" rel=\"attachment wp-att-2890\"><img loading=\"lazy\" class=\"wp-image-2890 alignnone\" src=\"http:\/\/spd-stadtrat.de\/wp-content\/uploads\/2017\/12\/Infostand-Weihnachten-300x267.jpg\" alt=\"\" width=\"245\" height=\"218\" srcset=\"https:\/\/spd-stadtrat.de\/wp-content\/uploads\/2017\/12\/Infostand-Weihnachten-300x267.jpg 300w, https:\/\/spd-stadtrat.de\/wp-content\/uploads\/2017\/12\/Infostand-Weihnachten.jpg 484w\" sizes=\"(max-width: 245px) 100vw, 245px\" \/><\/a><\/p>\n<p>Am Christbaum hingen keine Kugeln, sondern P\u00e4ckchen mit politischen W\u00fcnschen: bessere Kinderbetreuung, mehr Ganztagsangebote in Schulen und gerechte Gesundheitsversorgung.<\/p>\n","protected":false},"excerpt":{"rendered":"<p>Regensburg, 18.12.2017 Die Regensburger SPD und unsere Fraktionsmitglieder waren am vergangenen Wochenende unterwegs um kurz vor Weihnachten mit den B\u00fcrgerinnen und B\u00fcrgern ins Gespr\u00e4ch zu kommen und ihnen frohe Weihnachten zu w\u00fcnschen. Bei Infost\u00e4nden in der Altstadt und am Kumpfm\u00fchler<\/p>\n","protected":false},"author":6,"featured_media":0,"comment_status":"closed","ping_status":"open","sticky":false,"template":"","format":"standard","meta":{"ngg_post_thumbnail":0},"categories":[1],"tags":[],"jetpack_featured_media_url":"","_links":{"self":[{"href":"https:\/\/spd-stadtrat.de\/index.php?rest_route=\/wp\/v2\/posts\/2891"}],"collection":[{"href":"https:\/\/spd-stadtrat.de\/index.php?rest_route=\/wp\/v2\/posts"}],"about":[{"href":"https:\/\/spd-stadtrat.de\/index.php?rest_route=\/wp\/v2\/types\/post"}],"author":[{"embeddable":true,"href":"https:\/\/spd-stadtrat.de\/index.php?rest_route=\/wp\/v2\/users\/6"}],"replies":[{"embeddable":true,"href":"https:\/\/spd-stadtrat.de\/index.php?rest_route=%2Fwp%2Fv2%2Fcomments&post=2891"}],"version-history":[{"count":6,"href":"https:\/\/spd-stadtrat.de\/index.php?rest_route=\/wp\/v2\/posts\/2891\/revisions"}],"predecessor-version":[{"id":3082,"href":"https:\/\/spd-stadtrat.de\/index.php?rest_route=\/wp\/v2\/posts\/2891\/revisions\/3082"}],"wp:attachment":[{"href":"https:\/\/spd-stadtrat.de\/index.php?rest_route=%2Fwp%2Fv2%2Fmedia&parent=2891"}],"wp:term":[{"taxonomy":"category","embeddable":true,"href":"https:\/\/spd-stadtrat.de\/index.php?rest_route=%2Fwp%2Fv2%2Fcategories&post=2891"},{"taxonomy":"post_tag","embeddable":true,"href":"https:\/\/spd-stadtrat.de\/index.php?rest_route=%2Fwp%2Fv2%2Ftags&post=2891"}],"curies":[{"name":"wp","href":"https:\/\/api.w.org\/{rel}","templated":true}]}}