{"id":3207,"date":"2018-03-13T07:11:32","date_gmt":"2018-03-13T06:11:32","guid":{"rendered":"http:\/\/spd-stadtrat.de\/?p=3207"},"modified":"2018-03-13T07:11:32","modified_gmt":"2018-03-13T06:11:32","slug":"internationaler-frauentag-2018-regensburger-rathaus-in-buergerinnenhand","status":"publish","type":"post","link":"https:\/\/spd-stadtrat.de\/?p=3207","title":{"rendered":"Internationaler Frauentag 2018 &#8211; Regensburger Rathaus in B\u00fcrgerinnenhand"},"content":{"rendered":"<p style=\"text-align: right;\">Regensburg, 08.03.2018<\/p>\n<figure id=\"attachment_3206\" aria-describedby=\"caption-attachment-3206\" style=\"width: 225px\" class=\"wp-caption alignleft\"><a href=\"http:\/\/spd-stadtrat.de\/?attachment_id=3206\" rel=\"attachment wp-att-3206\"><img loading=\"lazy\" class=\"size-medium wp-image-3206\" src=\"http:\/\/spd-stadtrat.de\/wp-content\/uploads\/2018\/03\/2018-3-Weltfrauentag-225x300.jpg\" alt=\"\" width=\"225\" height=\"300\" srcset=\"https:\/\/spd-stadtrat.de\/wp-content\/uploads\/2018\/03\/2018-3-Weltfrauentag-225x300.jpg 225w, https:\/\/spd-stadtrat.de\/wp-content\/uploads\/2018\/03\/2018-3-Weltfrauentag.jpg 571w\" sizes=\"(max-width: 225px) 100vw, 225px\" \/><\/a><figcaption id=\"caption-attachment-3206\" class=\"wp-caption-text\">Dagmar Kick beim Internationalen Frauentag<\/figcaption><\/figure>\n<p>Unter dem Motto frauenMACHTpolitik stellten die Stadtr\u00e4tinnen der Fraktionen am Internationalen Frauentag am 8. M\u00e4rz 2018 ihre frauenpolitischen Ziel vor.<br \/>\nF\u00fcr die SPD-Fraktion nahm Stadtr\u00e4tin Dagmar Kick teil.<br \/>\nSie stellte politische Ziele wie den weiteren Ausbau der Betreuungsangebote f\u00fcr Kinder, familienfreundliche Arbeitszeiten, bessere Karrierechancen, Entgeltgleichheit, bessere Finanzierung der Frauenh\u00e4user und Beratungsstellen und Bek\u00e4mpfung von Altersarmut von Frauen vor.<br \/>\nDagmar Kick zeigte aber auch auf, was die Stadtratskoalition unter F\u00fchrung der SPD in den letzten Jahren schon verbessert und ver\u00e4ndert hat.<br \/>\nSo wird stetig daran gearbeitet, die Mittags- und Nachmittagsbetreuung an den Schulen bedarfsgerecht auszubauen. Umgesetzt wurde, dass unsere Reinigungskr\u00e4fte nicht mehr nach Entgeltgruppe 1 entlohnt werden. Zudem ist die Stadt dabei, die Geb\u00e4udereinigung weitgehend durch st\u00e4dtisches Personal durchf\u00fchren zu lassen und auf 80 % zu erh\u00f6hen.<br \/>\nEs ist der SPD-Fraktion wichtig, sich weiterhin f\u00fcr die Beteiligung an der Finanzierung einer proaktiven Beratungsstelle f\u00fcr von h\u00e4uslicher Gewalt betroffener Frauen einzusetzen. Ebenso setzt sie sich f\u00fcr mehr f\u00f6rderf\u00e4hige Pl\u00e4tze f\u00fcr Frauen im Frauen- und Kinderschutzhaus ein.<br \/>\nDas K\u00e4lteschutzprojekt tr\u00e4gt auch dazu bei, dass obdachlose Frauen sich nicht prostituieren m\u00fcssen, um im Winter Obdach zu bekommen.<!--more--><br \/>\nAls freiwillige Leistung \u00fcbernimmt die Stadt Regensburg Kosten f\u00fcr Verh\u00fctungsmittel unter bestimmten Voraussetzungen.<br \/>\nDie sozialp\u00e4dagogische Unterst\u00fctzung vor allem Alleinerziehender in den Notwohnanlagen hilft, dass sie wieder in den ersten Wohnungsmarkt unterkommen.<br \/>\nAuch unterst\u00fctzt die SPD-Fraktion den Fokus der Jugendzentren auf M\u00e4dchen mit Kampagnen wie z. B. M\u00e4dchenmusikcamps und \u201eUns geht\u00b4s ums ganze\u201c.<br \/>\n\u201eIch k\u00f6nnte neben dieser Aufstellung noch sehr viele wichtige Themen und Bereiche nennen. Auch der Runtinger-Preis f\u00fcr Firmen, der Frauen-Preis f\u00fcr Kultur und Forschung und die Umsetzung der Frauenstra\u00dfennamen in Neubaugebieten sind unsere Erfolge und Themen\u201c, merkt Dagmar Kick an, und erg\u00e4nzt: \u201eWir Frauen m\u00fcssen auch in Zukunft weiterhin solidarisch f\u00fcr unsere Rechte einstehen.\u201c<\/p>\n","protected":false},"excerpt":{"rendered":"<p>Regensburg, 08.03.2018 Unter dem Motto frauenMACHTpolitik stellten die Stadtr\u00e4tinnen der Fraktionen am Internationalen Frauentag am 8. M\u00e4rz 2018 ihre frauenpolitischen Ziel vor. F\u00fcr die SPD-Fraktion nahm Stadtr\u00e4tin Dagmar Kick teil. Sie stellte politische Ziele wie den weiteren Ausbau der Betreuungsangebote<\/p>\n","protected":false},"author":6,"featured_media":0,"comment_status":"closed","ping_status":"open","sticky":false,"template":"","format":"standard","meta":{"ngg_post_thumbnail":0},"categories":[1],"tags":[],"jetpack_featured_media_url":"","_links":{"self":[{"href":"https:\/\/spd-stadtrat.de\/index.php?rest_route=\/wp\/v2\/posts\/3207"}],"collection":[{"href":"https:\/\/spd-stadtrat.de\/index.php?rest_route=\/wp\/v2\/posts"}],"about":[{"href":"https:\/\/spd-stadtrat.de\/index.php?rest_route=\/wp\/v2\/types\/post"}],"author":[{"embeddable":true,"href":"https:\/\/spd-stadtrat.de\/index.php?rest_route=\/wp\/v2\/users\/6"}],"replies":[{"embeddable":true,"href":"https:\/\/spd-stadtrat.de\/index.php?rest_route=%2Fwp%2Fv2%2Fcomments&post=3207"}],"version-history":[{"count":2,"href":"https:\/\/spd-stadtrat.de\/index.php?rest_route=\/wp\/v2\/posts\/3207\/revisions"}],"predecessor-version":[{"id":3209,"href":"https:\/\/spd-stadtrat.de\/index.php?rest_route=\/wp\/v2\/posts\/3207\/revisions\/3209"}],"wp:attachment":[{"href":"https:\/\/spd-stadtrat.de\/index.php?rest_route=%2Fwp%2Fv2%2Fmedia&parent=3207"}],"wp:term":[{"taxonomy":"category","embeddable":true,"href":"https:\/\/spd-stadtrat.de\/index.php?rest_route=%2Fwp%2Fv2%2Fcategories&post=3207"},{"taxonomy":"post_tag","embeddable":true,"href":"https:\/\/spd-stadtrat.de\/index.php?rest_route=%2Fwp%2Fv2%2Ftags&post=3207"}],"curies":[{"name":"wp","href":"https:\/\/api.w.org\/{rel}","templated":true}]}}