{"id":3365,"date":"2018-07-25T14:30:33","date_gmt":"2018-07-25T12:30:33","guid":{"rendered":"http:\/\/spd-stadtrat.de\/?p=3365"},"modified":"2018-07-25T10:50:11","modified_gmt":"2018-07-25T08:50:11","slug":"neuordnung-der-gebuehren-in-kinderbetreuungseinrichtungen","status":"publish","type":"post","link":"https:\/\/spd-stadtrat.de\/?p=3365","title":{"rendered":"Neuordnung der Geb\u00fchren in Kinderbetreuungseinrichtungen"},"content":{"rendered":"<p style=\"text-align: right;\">Regensburg, 23.07.2018<\/p>\n<figure id=\"attachment_3378\" aria-describedby=\"caption-attachment-3378\" style=\"width: 334px\" class=\"wp-caption alignright\"><a href=\"http:\/\/spd-stadtrat.de\/?attachment_id=3378\" rel=\"attachment wp-att-3378\"><img loading=\"lazy\" class=\" wp-image-3378\" src=\"http:\/\/spd-stadtrat.de\/wp-content\/uploads\/2018\/07\/20180724_130559-300x225.jpg\" alt=\"\" width=\"334\" height=\"251\" srcset=\"https:\/\/spd-stadtrat.de\/wp-content\/uploads\/2018\/07\/20180724_130559-300x225.jpg 300w, https:\/\/spd-stadtrat.de\/wp-content\/uploads\/2018\/07\/20180724_130559-768x576.jpg 768w, https:\/\/spd-stadtrat.de\/wp-content\/uploads\/2018\/07\/20180724_130559-1024x768.jpg 1024w\" sizes=\"(max-width: 334px) 100vw, 334px\" \/><\/a><figcaption id=\"caption-attachment-3378\" class=\"wp-caption-text\">Altstadt Kindergarten<\/figcaption><\/figure>\n<p>&#8222;Die&nbsp;SPD-Stadtratsfraktion spricht sich f\u00fcr eine Neuordnung der&nbsp;Geb\u00fchren in Kinderbetreuungseinrichtungen aus und hat deshalb eine Befassung des Stadtrates mit dem Thema beantragt&#8220;, merkt die Fraktionssprecherin f\u00fcr Jugendpolitik, Evelyn Kolbe-Stockert, an.<\/p>\n<p>So soll die Verwaltung vom Stadtrat zun\u00e4chst beauftragt werden, eine neue Geb\u00fchrensatzung f\u00fcr die KiTas zu erstellen.<\/p>\n<p>Ferner ist einen Entwurf f\u00fcr einen neuen Vertrag mit den freigemeinn\u00fctzigen und privaten Tr\u00e4gern hinsichtlich der kommunalen F\u00f6rderung zu erstellen. In diesem Vertrag soll auch eine F\u00f6rderung der Kinderkrippen einbezogen werden.<\/p>\n<p>Schlie\u00dflich ist umgehend zu pr\u00fcfen, wie die Geb\u00fchren der Krippen innerhalb der Buchungskategorien stufenweise herabgesetzt werden k\u00f6nnen, und ein Benchmarking zu erstellen, wie in vergleichbaren St\u00e4dten die Geb\u00fchren errechnet werden.<\/p>\n<p>\u201eNeben dem gro\u00dfen Thema der Schaffung der notwendigen Betreuungspl\u00e4tze ist es uns ein wichtiges Anliegen, auch beim Thema Geb\u00fchren f\u00fcr die KiTas Verbesserungen anzugehen\u201c, betonen Evelyn Kolbe-Stockert und Dagmar Kick als Initiatorinnen des Antrags.<\/p>\n<figure id=\"attachment_1678\" aria-describedby=\"caption-attachment-1678\" style=\"width: 150px\" class=\"wp-caption alignleft\"><a href=\"http:\/\/spd-stadtrat.de\/?attachment_id=1678\" rel=\"attachment wp-att-1678\"><img loading=\"lazy\" class=\"size-thumbnail wp-image-1678\" src=\"http:\/\/spd-stadtrat.de\/wp-content\/uploads\/2016\/03\/E-Kolbe-Stockert-150x150.jpg\" alt=\"\" width=\"150\" height=\"150\"><\/a><figcaption id=\"caption-attachment-1678\" class=\"wp-caption-text\">Evelyn Kolbe-Stockert<\/figcaption><\/figure>\n<p>Derzeit gibt es f\u00fcr die KiTas sechs oder mehr unterschiedliche Geb\u00fchren, die von den KiTa- Eltern verlangt werden (Essensgeld, Teegeld, \u2026..). Die neue Geb\u00fchrensatzung soll eine Vereinfachung der bisherigen erreichen. Ziel ist eine Arbeitserleichterung f\u00fcr die KiTas, aber auch f\u00fcr die st\u00e4dtische Verwaltung in der Abrechnung. Zugleich werden f\u00fcr die Eltern die Zahlungsmodalit\u00e4ten leichter zu organisieren sein. Inhaltlich kann in der neuen Satzung z.B. eine zentrale Essensgeb\u00fchr geregelt werden, mit der Folge, dass die KiTas daf\u00fcr ein Budget bekommen bzw. eine vereinfachte Verwaltungsabwicklung erreicht wird.<\/p>\n<p>F\u00fcr Eltern, deren Einkommen sehr niedrig ist, steht, wie bisher auch, der Weg zur wirtschaftlichen Jugendhilfe offen. Das kann auch dazu f\u00fchren, dass Eltern mit sehr niedrigem Einkommen die KiTa-Geb\u00fchren vom Jugendamt ganz erstattet bekommen. Um die Geb\u00fchren dar\u00fcber hinaus sozialer zu gestalten ist auch zu pr\u00fcfen, ob und ggf. in welcher H\u00f6he eine Geschwistererm\u00e4\u00dfigung eingef\u00fchrt werden soll.<\/p>\n<p>Der bestehende Vertrag zwischen der Stadt und den freigemeinn\u00fctzigen und privaten Tr\u00e4gern \u00fcber die F\u00f6rderung von Kinderbetreuungseinrichtungen soll an die aktuellen Begebenheiten angepasst werden. Der bisherige Vertrag enth\u00e4lt z. B. einen Passus \u201e&#8230;mindestens so teuer, aber nicht billiger als die st\u00e4dtischen Einrichtungen\u2026\u201c. Dies soll dahin ge\u00e4ndert werden, dass die Geb\u00fchren denen der Stadt angeglichen werden.<\/p>\n<figure id=\"attachment_105\" aria-describedby=\"caption-attachment-105\" style=\"width: 150px\" class=\"wp-caption alignleft\"><a href=\"http:\/\/spd-stadtrat.de\/?attachment_id=105\" rel=\"attachment wp-att-105\"><img loading=\"lazy\" class=\"size-thumbnail wp-image-105\" src=\"http:\/\/spd-stadtrat.de\/wp-content\/uploads\/2015\/03\/Kick-150x150.jpg\" alt=\"Dagmar Kick\" width=\"150\" height=\"150\"><\/a><figcaption id=\"caption-attachment-105\" class=\"wp-caption-text\">Dagmar Kick<\/figcaption><\/figure>\n<p>Die Geb\u00fchren f\u00fcr die Kinderkrippen sind im bayernweiten Vergleich sehr hoch und m\u00fcssen deshalb innerhalb der Buchungskategorien stufenweise herabgesetzt werden. Daf\u00fcr ist ein Vorschlag zu erarbeiten.<\/p>\n<p>Durch ein Benchmarking ist zu analysieren, nach welchen Kriterien in mit Regensburg vergleichbaren St\u00e4dten die Geb\u00fchren ermittelt werden, um f\u00fcr Regensburg optimale L\u00f6sungen zu erarbeiten.<\/p>\n<p>&nbsp;<\/p>\n","protected":false},"excerpt":{"rendered":"<p>Regensburg, 23.07.2018 &#8222;Die&nbsp;SPD-Stadtratsfraktion spricht sich f\u00fcr eine Neuordnung der&nbsp;Geb\u00fchren in Kinderbetreuungseinrichtungen aus und hat deshalb eine Befassung des Stadtrates mit dem Thema beantragt&#8220;, merkt die Fraktionssprecherin f\u00fcr Jugendpolitik, Evelyn Kolbe-Stockert, an. So soll die Verwaltung vom Stadtrat zun\u00e4chst beauftragt werden,<\/p>\n","protected":false},"author":6,"featured_media":0,"comment_status":"closed","ping_status":"open","sticky":false,"template":"","format":"standard","meta":{"ngg_post_thumbnail":0},"categories":[1],"tags":[],"jetpack_featured_media_url":"","_links":{"self":[{"href":"https:\/\/spd-stadtrat.de\/index.php?rest_route=\/wp\/v2\/posts\/3365"}],"collection":[{"href":"https:\/\/spd-stadtrat.de\/index.php?rest_route=\/wp\/v2\/posts"}],"about":[{"href":"https:\/\/spd-stadtrat.de\/index.php?rest_route=\/wp\/v2\/types\/post"}],"author":[{"embeddable":true,"href":"https:\/\/spd-stadtrat.de\/index.php?rest_route=\/wp\/v2\/users\/6"}],"replies":[{"embeddable":true,"href":"https:\/\/spd-stadtrat.de\/index.php?rest_route=%2Fwp%2Fv2%2Fcomments&post=3365"}],"version-history":[{"count":12,"href":"https:\/\/spd-stadtrat.de\/index.php?rest_route=\/wp\/v2\/posts\/3365\/revisions"}],"predecessor-version":[{"id":3390,"href":"https:\/\/spd-stadtrat.de\/index.php?rest_route=\/wp\/v2\/posts\/3365\/revisions\/3390"}],"wp:attachment":[{"href":"https:\/\/spd-stadtrat.de\/index.php?rest_route=%2Fwp%2Fv2%2Fmedia&parent=3365"}],"wp:term":[{"taxonomy":"category","embeddable":true,"href":"https:\/\/spd-stadtrat.de\/index.php?rest_route=%2Fwp%2Fv2%2Fcategories&post=3365"},{"taxonomy":"post_tag","embeddable":true,"href":"https:\/\/spd-stadtrat.de\/index.php?rest_route=%2Fwp%2Fv2%2Ftags&post=3365"}],"curies":[{"name":"wp","href":"https:\/\/api.w.org\/{rel}","templated":true}]}}