{"id":3395,"date":"2018-08-01T15:21:43","date_gmt":"2018-08-01T13:21:43","guid":{"rendered":"http:\/\/spd-stadtrat.de\/?p=3395"},"modified":"2018-08-01T12:22:42","modified_gmt":"2018-08-01T10:22:42","slug":"buergeranliegen-aus-irl","status":"publish","type":"post","link":"https:\/\/spd-stadtrat.de\/?p=3395","title":{"rendered":"B\u00fcrgeranliegen aus Irl"},"content":{"rendered":"<p style=\"text-align: right;\">Regensburg, 31.07.2018<\/p>\n<figure id=\"attachment_105\" aria-describedby=\"caption-attachment-105\" style=\"width: 150px\" class=\"wp-caption alignleft\"><a href=\"http:\/\/spd-stadtrat.de\/?attachment_id=105\" rel=\"attachment wp-att-105\"><img loading=\"lazy\" class=\"size-thumbnail wp-image-105\" src=\"http:\/\/spd-stadtrat.de\/wp-content\/uploads\/2015\/03\/Kick-150x150.jpg\" alt=\"Dagmar Kick\" width=\"150\" height=\"150\"><\/a><figcaption id=\"caption-attachment-105\" class=\"wp-caption-text\">Dagmar Kick<\/figcaption><\/figure>\n<p>&nbsp;<\/p>\n<p>&#8222;Im Rahmen eines B\u00fcrgergespr\u00e4chs in Irl wurden an uns, sowie die Kollegen Walter Erhard und G\u00fcnther Riepl, mehrere Anliegen&nbsp; herangetragen. Wir haben die wichtigsten Themen deshalb an B\u00fcrgermeisterin Maltz-Schwarzfischer mit der Bitte weitergeben, diese durch die Verwaltung pr\u00fcfen zu lassen&#8220; stellt Stadtr\u00e4tin Dagmar Kick fest.<\/p>\n<p>&nbsp;<\/p>\n<ol>\n<li style=\"text-align: left;\"><u> Schulwegsicherheit<\/u><\/li>\n<\/ol>\n<p>Der einzige Schulweg f\u00fcr Schulkinder ab der 5. Klasse, die Schulen in Neutraubling besuchen, f\u00fchrt \u00fcber die Barbinger Stra\u00dfe (insbesondere zur Bushaltestelle Kreuzhof). Diese Stra\u00dfe verf\u00fcgt weder \u00fcber Geh- und Radwege, noch \u00fcber eine Stra\u00dfenbeleuchtung. Zudem ist die Stra\u00dfe in Teilbereichen f\u00fcr Kraftfahrer auch noch schlecht einsehbar. Insbesondere im Herbst und Winter ergibt sich dadurch eine erhebliche Gefahrenquelle f\u00fcr Schulkinder, sowie f\u00fcr Fu\u00dfg\u00e4nger und Radfahrer im Allgemeinen. Der Fu\u00dfweg zur Bushaltestelle Kreuzhof betr\u00e4gt dabei ab Ortsmitte ca. 1 Kilometer.<\/p>\n<p>Wir bitten um Pr\u00fcfung, durch welche Ma\u00dfnahmen die Sicherheit der aktuell betroffenen 10 bis 12 Schulkinder im Alter ab ca. 11 Jahren kurzfristig erh\u00f6ht werden kann.<\/p>\n<ol start=\"2\">\n<li><u>Busverbindung<\/u><\/li>\n<\/ol>\n<p>Der Ortsteil Irl wird t\u00e4glich zwischen 7.19 Uhr und 21.51 Uhr sechsmal direkt von einer Buslinie in Richtung Hauptbahnhof bedient. In der Gegenrichtung gibt es zwischen 09.45 und 20.43 Uhr \u2013 jeweils Ankunftszeit Irl Ortsmitte \u2013 sogar nur 5 Fahrten. Die n\u00e4chstgelegene Bushaltestelle, die im 30-Minuten-Takt bedient wird, liegt ca. 1 Kilometer entfernt am Kreuzhof (zur Sicherheit f\u00fcr Fu\u00dfg\u00e4nger siehe 1.). F\u00fcr Sch\u00fcler gibt es bei der Heimfahrt \u2013 Ankunftszeit \u2013 nur um 13.38 und 16.16 Uhr (bzw. 17.36 Uhr) Busse direkt nach Irl.<\/p>\n<p>Bei Bussen, die morgens von Sch\u00fclern und Berufst\u00e4tigen genutzt werden k\u00f6nnen, ist in Irl wegen der gelegentlichen \u00dcberf\u00fcllung der Busse allerdings eine Mitnahme in die Stadt, vor allem im Winter, nicht immer gesichert.<\/p>\n<p>Wir bitten darum zu \u00fcberpr\u00fcfen, welche M\u00f6glichkeiten f\u00fcr eine Verbesserung des Busangebots, insbesondere f\u00fcr Sch\u00fcler und Berufst\u00e4tige, seitens des RVV angeboten werden k\u00f6nnen. Das RAST-Angebot ist insbesondere f\u00fcr den Sch\u00fclerverkehr aus unserer Sicht keine wirkliche Alternative, da hierf\u00fcr eine fr\u00fchzeitige Anmeldung n\u00f6tig ist, die allerdings in der Praxis oft nicht m\u00f6glich ist.<\/p>\n<ol start=\"3\">\n<li><u> Rechts-vor-Links-Regelungen<\/u><\/li>\n<\/ol>\n<p>Seitens der Irler B\u00fcrgerinnen und B\u00fcrger wurde darum gebeten, auf die Rechts-vor Links-Regelungen im Ortsbereich besser hinzuweisen.<\/p>\n<p>Wir bitten deshalb pr\u00fcfen zu lassen, ob durch geeignete Fahrbahnmarkierungen oder auff\u00e4lligere Verkehrsbeschilderung (z.B. VZ Nr. 102 \u2013 Schild oder Fahrbahnmarkierung) diesem Anliegen Rechnung getragen werden kann. Laut Auskunft der B\u00fcrgerinnen und B\u00fcrger, die mit uns gesprochen haben, seien z.B. in Barbing Rechts-vor-Links-Kreuzungen durch Haltelinien-\u00e4hnliche Stra\u00dfenmarkierungen gekennzeichnet.<\/p>\n<ol start=\"4\">\n<li><u> Verl\u00e4ngerung der Leibnizstra\u00dfe bis zur Kreuzhofbr\u00fccke<\/u><\/li>\n<\/ol>\n<p>Um nach dem Neubau der Eisackerbr\u00fccke weiteren Schleichverkehr von der Anschlussstelle Regenburg-Ost durch Irl in Richtung XXLutz\/IKEA\/Barbing zumindest zeitnah wirksam unterbinden zu k\u00f6nnen, ist die Weiterf\u00fchrung der Leibnizstra\u00dfe bis zur Kreuzhofbr\u00fccke unabdingbar, wie sie im vergangenen Herbst im st\u00e4dtischen Planungsausschuss ja auch vorgestellt wurde. Wir sind hierzu der Ansicht, dass die Verwaltung umgehend die daf\u00fcr n\u00f6tigen Schritte (Grunderwerb, Bauleit- und Stra\u00dfenplanung) in die Wege leiten muss. Die Ma\u00dfnahme sollte bereits jetzt f\u00fcr das IP 2019-2023 vorgemerkt werden.<\/p>\n<p>Ein Realisierungsrahmen f\u00fcr dieses nur rund 300 Meter lange Stra\u00dfenst\u00fcck, der f\u00fcr Grunderwerb, Planung und Bau \u00fcber das n\u00e4chste IP (2019-23) hinausreicht, ist den B\u00fcrgerinnen und B\u00fcrgern in Irl kaum zumutbar oder vermittelbar.<\/p>\n<p>Wir bitten, die Realisierung dieser Stra\u00dfenbauma\u00dfnahme in diesem Zeitrahmen in Angriff zu nehmen.<\/p>\n","protected":false},"excerpt":{"rendered":"<p>Regensburg, 31.07.2018 &nbsp; &#8222;Im Rahmen eines B\u00fcrgergespr\u00e4chs in Irl wurden an uns, sowie die Kollegen Walter Erhard und G\u00fcnther Riepl, mehrere Anliegen&nbsp; herangetragen. Wir haben die wichtigsten Themen deshalb an B\u00fcrgermeisterin Maltz-Schwarzfischer mit der Bitte weitergeben, diese durch die Verwaltung<\/p>\n","protected":false},"author":6,"featured_media":0,"comment_status":"closed","ping_status":"open","sticky":false,"template":"","format":"standard","meta":{"ngg_post_thumbnail":0},"categories":[1],"tags":[],"jetpack_featured_media_url":"","_links":{"self":[{"href":"https:\/\/spd-stadtrat.de\/index.php?rest_route=\/wp\/v2\/posts\/3395"}],"collection":[{"href":"https:\/\/spd-stadtrat.de\/index.php?rest_route=\/wp\/v2\/posts"}],"about":[{"href":"https:\/\/spd-stadtrat.de\/index.php?rest_route=\/wp\/v2\/types\/post"}],"author":[{"embeddable":true,"href":"https:\/\/spd-stadtrat.de\/index.php?rest_route=\/wp\/v2\/users\/6"}],"replies":[{"embeddable":true,"href":"https:\/\/spd-stadtrat.de\/index.php?rest_route=%2Fwp%2Fv2%2Fcomments&post=3395"}],"version-history":[{"count":4,"href":"https:\/\/spd-stadtrat.de\/index.php?rest_route=\/wp\/v2\/posts\/3395\/revisions"}],"predecessor-version":[{"id":3399,"href":"https:\/\/spd-stadtrat.de\/index.php?rest_route=\/wp\/v2\/posts\/3395\/revisions\/3399"}],"wp:attachment":[{"href":"https:\/\/spd-stadtrat.de\/index.php?rest_route=%2Fwp%2Fv2%2Fmedia&parent=3395"}],"wp:term":[{"taxonomy":"category","embeddable":true,"href":"https:\/\/spd-stadtrat.de\/index.php?rest_route=%2Fwp%2Fv2%2Fcategories&post=3395"},{"taxonomy":"post_tag","embeddable":true,"href":"https:\/\/spd-stadtrat.de\/index.php?rest_route=%2Fwp%2Fv2%2Ftags&post=3395"}],"curies":[{"name":"wp","href":"https:\/\/api.w.org\/{rel}","templated":true}]}}