{"id":3583,"date":"2018-11-29T12:07:01","date_gmt":"2018-11-29T11:07:01","guid":{"rendered":"http:\/\/spd-stadtrat.de\/?p=3583"},"modified":"2018-11-29T07:08:27","modified_gmt":"2018-11-29T06:08:27","slug":"serviceangebote-fuer-handynutzer-im-oepnv","status":"publish","type":"post","link":"https:\/\/spd-stadtrat.de\/?p=3583","title":{"rendered":"Serviceangebote f\u00fcr Handynutzer im \u00d6PNV"},"content":{"rendered":"<p style=\"text-align: right;\">Regenburg, 29.11.2018<\/p>\n<figure id=\"attachment_95\" aria-describedby=\"caption-attachment-95\" style=\"width: 150px\" class=\"wp-caption alignleft\"><a href=\"http:\/\/spd-stadtrat.de\/?attachment_id=95\" rel=\"attachment wp-att-95\"><img loading=\"lazy\" class=\"size-thumbnail wp-image-95\" src=\"http:\/\/spd-stadtrat.de\/wp-content\/uploads\/2015\/03\/Vogel-150x150.jpg\" alt=\"Katja Vogel\" width=\"150\" height=\"150\"><\/a><figcaption id=\"caption-attachment-95\" class=\"wp-caption-text\">Katja Vogel<\/figcaption><\/figure>\n<p>Bei verschiedenen Verkehrsverb\u00fcnden gibt es Serviceangebote f\u00fcr Handynutzer. Deshalb hat die SPD-Stadtratsfraktion beim Stadtwerk nachgefragt, ob es dazu auch bei der Ausstattung der Busse des Stadtwerks entsprechende \u00dcberlegungen gibt.<\/p>\n<p>So sieht die SPD in der Ausstattung von \u00f6ffentlichen Verkehrsmitteln mit USB-Ladebuchsen f\u00fcr Smartphone und Tablet einen zeitgem\u00e4\u00dfen Beitrag zur Steigerung der Attraktivit\u00e4t des \u00d6PNV.<\/p>\n<p>Weitere m\u00f6gliche Ma\u00dfnahmen sind die Ausstattung der Busse mit WLAN, wie es der Landkreis Regensburg derzeit erprobt, oder die Einrichtung von WLAN Hotspots durch die R-Kom an Haltestellen.<\/p>\n<p>\u201eWir hoffen mit der Anfrage einen Denkansto\u00df f\u00fcr einen noch attraktiveren \u00d6PNV gegeben zu haben\u201c, merkt Stadtr\u00e4tin Katja Vogel an.<\/p>\n","protected":false},"excerpt":{"rendered":"<p>Regenburg, 29.11.2018 Bei verschiedenen Verkehrsverb\u00fcnden gibt es Serviceangebote f\u00fcr Handynutzer. Deshalb hat die SPD-Stadtratsfraktion beim Stadtwerk nachgefragt, ob es dazu auch bei der Ausstattung der Busse des Stadtwerks entsprechende \u00dcberlegungen gibt. So sieht die SPD in der Ausstattung von \u00f6ffentlichen<\/p>\n","protected":false},"author":6,"featured_media":0,"comment_status":"closed","ping_status":"open","sticky":false,"template":"","format":"standard","meta":{"ngg_post_thumbnail":0},"categories":[1],"tags":[],"jetpack_featured_media_url":"","_links":{"self":[{"href":"https:\/\/spd-stadtrat.de\/index.php?rest_route=\/wp\/v2\/posts\/3583"}],"collection":[{"href":"https:\/\/spd-stadtrat.de\/index.php?rest_route=\/wp\/v2\/posts"}],"about":[{"href":"https:\/\/spd-stadtrat.de\/index.php?rest_route=\/wp\/v2\/types\/post"}],"author":[{"embeddable":true,"href":"https:\/\/spd-stadtrat.de\/index.php?rest_route=\/wp\/v2\/users\/6"}],"replies":[{"embeddable":true,"href":"https:\/\/spd-stadtrat.de\/index.php?rest_route=%2Fwp%2Fv2%2Fcomments&post=3583"}],"version-history":[{"count":3,"href":"https:\/\/spd-stadtrat.de\/index.php?rest_route=\/wp\/v2\/posts\/3583\/revisions"}],"predecessor-version":[{"id":3607,"href":"https:\/\/spd-stadtrat.de\/index.php?rest_route=\/wp\/v2\/posts\/3583\/revisions\/3607"}],"wp:attachment":[{"href":"https:\/\/spd-stadtrat.de\/index.php?rest_route=%2Fwp%2Fv2%2Fmedia&parent=3583"}],"wp:term":[{"taxonomy":"category","embeddable":true,"href":"https:\/\/spd-stadtrat.de\/index.php?rest_route=%2Fwp%2Fv2%2Fcategories&post=3583"},{"taxonomy":"post_tag","embeddable":true,"href":"https:\/\/spd-stadtrat.de\/index.php?rest_route=%2Fwp%2Fv2%2Ftags&post=3583"}],"curies":[{"name":"wp","href":"https:\/\/api.w.org\/{rel}","templated":true}]}}