{"id":3585,"date":"2018-11-15T08:48:15","date_gmt":"2018-11-15T07:48:15","guid":{"rendered":"http:\/\/spd-stadtrat.de\/?p=3585"},"modified":"2018-11-15T08:48:15","modified_gmt":"2018-11-15T07:48:15","slug":"wir-gratulieren-der-neuen-schulleiterin","status":"publish","type":"post","link":"https:\/\/spd-stadtrat.de\/?p=3585","title":{"rendered":"Wir gratulieren der neuen Schulleiterin"},"content":{"rendered":"<p style=\"text-align: right;\">Regensburg, 13.11.2018<\/p>\n<p><a href=\"http:\/\/spd-stadtrat.de\/?attachment_id=3587\" rel=\"attachment wp-att-3587\"><img loading=\"lazy\" width=\"300\" height=\"225\" class=\"size-medium wp-image-3587 alignleft\" alt=\"\" src=\"http:\/\/spd-stadtrat.de\/wp-content\/uploads\/2018\/11\/Amtseinf\u00fchrung-300x225.jpg\" srcset=\"https:\/\/spd-stadtrat.de\/wp-content\/uploads\/2018\/11\/Amtseinf\u00fchrung-300x225.jpg 300w, https:\/\/spd-stadtrat.de\/wp-content\/uploads\/2018\/11\/Amtseinf\u00fchrung.jpg 640w\" sizes=\"(max-width: 300px) 100vw, 300px\" \/><\/a>Die SPD Stadtratsfraktion gratuliert der neuen Schulleiterin unserer St\u00e4dtischen Berufsschule II, Frau Oberstudienr\u00e4tin Maria K\u00f6berl-Nowotny.<\/p>\n<p>Wir w\u00fcnschen ihr f\u00fcr ihre neue verantwortungsvolle Aufgabe alles Gute.<\/p>\n<p>&nbsp;<\/p>\n<p>&nbsp;<\/p>\n<p>Dagmar Kick &#8211; Margit Wild &#8211; Christa Meier &#8211; Evelyn Kolbe-Stockert<\/p>\n","protected":false},"excerpt":{"rendered":"<p>Regensburg, 13.11.2018 Die SPD Stadtratsfraktion gratuliert der neuen Schulleiterin unserer St\u00e4dtischen Berufsschule II, Frau Oberstudienr\u00e4tin Maria K\u00f6berl-Nowotny. Wir w\u00fcnschen ihr f\u00fcr ihre neue verantwortungsvolle Aufgabe alles Gute. &nbsp; &nbsp; Dagmar Kick &#8211; Margit Wild &#8211; Christa Meier &#8211; Evelyn Kolbe-Stockert<\/p>\n","protected":false},"author":6,"featured_media":0,"comment_status":"closed","ping_status":"open","sticky":false,"template":"","format":"standard","meta":{"ngg_post_thumbnail":0},"categories":[1],"tags":[],"jetpack_featured_media_url":"","_links":{"self":[{"href":"https:\/\/spd-stadtrat.de\/index.php?rest_route=\/wp\/v2\/posts\/3585"}],"collection":[{"href":"https:\/\/spd-stadtrat.de\/index.php?rest_route=\/wp\/v2\/posts"}],"about":[{"href":"https:\/\/spd-stadtrat.de\/index.php?rest_route=\/wp\/v2\/types\/post"}],"author":[{"embeddable":true,"href":"https:\/\/spd-stadtrat.de\/index.php?rest_route=\/wp\/v2\/users\/6"}],"replies":[{"embeddable":true,"href":"https:\/\/spd-stadtrat.de\/index.php?rest_route=%2Fwp%2Fv2%2Fcomments&post=3585"}],"version-history":[{"count":4,"href":"https:\/\/spd-stadtrat.de\/index.php?rest_route=\/wp\/v2\/posts\/3585\/revisions"}],"predecessor-version":[{"id":3598,"href":"https:\/\/spd-stadtrat.de\/index.php?rest_route=\/wp\/v2\/posts\/3585\/revisions\/3598"}],"wp:attachment":[{"href":"https:\/\/spd-stadtrat.de\/index.php?rest_route=%2Fwp%2Fv2%2Fmedia&parent=3585"}],"wp:term":[{"taxonomy":"category","embeddable":true,"href":"https:\/\/spd-stadtrat.de\/index.php?rest_route=%2Fwp%2Fv2%2Fcategories&post=3585"},{"taxonomy":"post_tag","embeddable":true,"href":"https:\/\/spd-stadtrat.de\/index.php?rest_route=%2Fwp%2Fv2%2Ftags&post=3585"}],"curies":[{"name":"wp","href":"https:\/\/api.w.org\/{rel}","templated":true}]}}