{"id":3773,"date":"2019-06-27T10:35:31","date_gmt":"2019-06-27T08:35:31","guid":{"rendered":"http:\/\/spd-stadtrat.de\/?p=3773"},"modified":"2019-06-27T10:35:31","modified_gmt":"2019-06-27T08:35:31","slug":"bienen-und-artenvielfalt-schuetzen-biodiversitaet-foerdern","status":"publish","type":"post","link":"https:\/\/spd-stadtrat.de\/?p=3773","title":{"rendered":"Bienen und Artenvielfalt sch\u00fctzen, Biodiversit\u00e4t f\u00f6rdern!"},"content":{"rendered":"<p style=\"text-align: right;\">Regenburg, 25.06.2019<\/p>\n<div id=\"u_0_6\" class=\"_li\">\n<div id=\"globalContainer\" class=\"uiContextualLayerParent\">\n<div id=\"content\" class=\"fb_content clearfix \" role=\"\">\n<div>\n<div class=\"clearfix\">\n<div class=\"_1qkq _1ql0\">\n<div id=\"content_container\">\n<div>\n<div class=\"clearfix\">\n<div id=\"js_9\" class=\"_2pie _14i5 _1qkq _1qkx\" role=\"main\">\n<div id=\"pagelet_timeline_main_column\">\n<div id=\"PagesProfileHomePrimaryColumnPagelet\" data-referrer=\"PagesProfileHomePrimaryColumnPagelet\">\n<div>\n<div id=\"u_0_1b\">\n<div class=\"_1xnd\">\n<div class=\"_1xnd\">\n<div class=\"_4-u2 _4-u8\">\n<div class=\"_427x\">\n<div id=\"u_c_2\" class=\"_4-u2 mbm _4mrt _5jmm _5pat _5v3q _7cqq _4-u8\" role=\"article\" aria-describedby=\"js_g6 js_g7\" aria-labelledby=\"js_g5\" data-ftr=\"1\" data-fte=\"1\" data-insertion-position=\"4\">\n<div id=\"u_c_a\" class=\"_3ccb\" data-ft=\"{&quot;tn&quot;:&quot;-R&quot;}\" data-gt=\"{&quot;type&quot;:&quot;click2canvas&quot;,&quot;fbsource&quot;:703,&quot;ref&quot;:&quot;nf_generic&quot;}\">\n<div class=\"_5pcr userContentWrapper\" data-ft=\"{&quot;tn&quot;:&quot;-R&quot;}\">\n<div class=\"_1dwg _1w_m _q7o\">\n<div>\n<div id=\"js_g7\" class=\"_5pbx userContent _3576\" data-testid=\"post_message\" data-ft=\"{&quot;tn&quot;:&quot;K&quot;}\">\n<p><a href=\"http:\/\/spd-stadtrat.de\/?attachment_id=3775\" rel=\"attachment wp-att-3775\"><img loading=\"lazy\" class=\"alignright size-thumbnail wp-image-3775\" src=\"http:\/\/spd-stadtrat.de\/wp-content\/uploads\/2019\/06\/Biene-150x150.jpg\" alt=\"\" width=\"150\" height=\"150\" srcset=\"https:\/\/spd-stadtrat.de\/wp-content\/uploads\/2019\/06\/Biene-150x150.jpg 150w, https:\/\/spd-stadtrat.de\/wp-content\/uploads\/2019\/06\/Biene-270x270.jpg 270w, https:\/\/spd-stadtrat.de\/wp-content\/uploads\/2019\/06\/Biene-230x230.jpg 230w\" sizes=\"(max-width: 150px) 100vw, 150px\" \/><\/a>Auf eine SPD-Initiative hin werden alle st\u00e4dtischen landwirtschaftlichen Fl\u00e4chen k\u00fcnftig \u00f6kologisch bewirtschaftet. Die konkrete Umsetzung zur pestizid- und herbizidfreien Bewirtschaftung der von der Stadt verpachteten landwirtschaftlichen Fl\u00e4chen beschlie\u00dfen wir am Dienstag im zust\u00e4ndigen Stadtratsausschuss.<\/p>\n<p>(Foto von heute: Flei\u00dfige Biene in naturfreundlichem Regensburger Garten)<\/p>\n<\/div>\n<\/div>\n<\/div>\n<\/div>\n<\/div>\n<\/div>\n<\/div>\n<\/div>\n<\/div>\n<\/div>\n<\/div>\n<\/div>\n<\/div>\n<\/div>\n<\/div>\n<\/div>\n<\/div>\n<\/div>\n<\/div>\n<\/div>\n<\/div>\n<\/div>\n<\/div>\n<\/div>\n","protected":false},"excerpt":{"rendered":"<p>Regenburg, 25.06.2019 Auf eine SPD-Initiative hin werden alle st\u00e4dtischen landwirtschaftlichen Fl\u00e4chen k\u00fcnftig \u00f6kologisch bewirtschaftet. Die konkrete Umsetzung zur pestizid- und herbizidfreien Bewirtschaftung der von der Stadt verpachteten landwirtschaftlichen Fl\u00e4chen beschlie\u00dfen wir am Dienstag im zust\u00e4ndigen Stadtratsausschuss. (Foto von heute: Flei\u00dfige<\/p>\n","protected":false},"author":6,"featured_media":0,"comment_status":"closed","ping_status":"open","sticky":false,"template":"","format":"standard","meta":{"ngg_post_thumbnail":0},"categories":[1],"tags":[],"jetpack_featured_media_url":"","_links":{"self":[{"href":"https:\/\/spd-stadtrat.de\/index.php?rest_route=\/wp\/v2\/posts\/3773"}],"collection":[{"href":"https:\/\/spd-stadtrat.de\/index.php?rest_route=\/wp\/v2\/posts"}],"about":[{"href":"https:\/\/spd-stadtrat.de\/index.php?rest_route=\/wp\/v2\/types\/post"}],"author":[{"embeddable":true,"href":"https:\/\/spd-stadtrat.de\/index.php?rest_route=\/wp\/v2\/users\/6"}],"replies":[{"embeddable":true,"href":"https:\/\/spd-stadtrat.de\/index.php?rest_route=%2Fwp%2Fv2%2Fcomments&post=3773"}],"version-history":[{"count":2,"href":"https:\/\/spd-stadtrat.de\/index.php?rest_route=\/wp\/v2\/posts\/3773\/revisions"}],"predecessor-version":[{"id":3776,"href":"https:\/\/spd-stadtrat.de\/index.php?rest_route=\/wp\/v2\/posts\/3773\/revisions\/3776"}],"wp:attachment":[{"href":"https:\/\/spd-stadtrat.de\/index.php?rest_route=%2Fwp%2Fv2%2Fmedia&parent=3773"}],"wp:term":[{"taxonomy":"category","embeddable":true,"href":"https:\/\/spd-stadtrat.de\/index.php?rest_route=%2Fwp%2Fv2%2Fcategories&post=3773"},{"taxonomy":"post_tag","embeddable":true,"href":"https:\/\/spd-stadtrat.de\/index.php?rest_route=%2Fwp%2Fv2%2Ftags&post=3773"}],"curies":[{"name":"wp","href":"https:\/\/api.w.org\/{rel}","templated":true}]}}