{"id":3976,"date":"2019-12-04T17:40:26","date_gmt":"2019-12-04T16:40:26","guid":{"rendered":"http:\/\/spd-stadtrat.de\/?p=3976"},"modified":"2019-12-04T08:43:51","modified_gmt":"2019-12-04T07:43:51","slug":"die-verkehrsberuhigung-der-altstadt-kommt","status":"publish","type":"post","link":"https:\/\/spd-stadtrat.de\/?p=3976","title":{"rendered":"Die Verkehrsberuhigung der Altstadt kommt!"},"content":{"rendered":"<p style=\"text-align: right;\">Regensburg, 04.12.2019<\/p>\n<p>Die Verkehrssituation in der Altstadt ist schon seit Jahren ein Dauerthema im Regensburger Stadtrat. Einerseits sollen Feinstaub-&nbsp; und L\u00e4rmbelastung, Durchgangs- und Lieferverkehr reduziert werden, andererseits muss die Mobilit\u00e4t der B\u00fcrgerinnen und B\u00fcrger und die Erreichbarkeit der Gesch\u00e4fte garantiert sein.<\/p>\n<p>&nbsp;<\/p>\n<p><strong>Beteiligungsprozess<\/strong><\/p>\n<p>Der Bunten Koalition unter F\u00fchrung der SPD liegt daran, die Planungen rund um die Regensburger Altstadt in einen breiten Beteiligungsprozess der B\u00fcrgerinnen und B\u00fcrger einzubetten. Das Ziel ist ein umfassendes Verkehrskonzept f\u00fcr die Stadt, in dem dann die konkreten Ma\u00dfnahmen festgelegt werden sollen. Dazu wird eine fr\u00fchzeitige Zusammenarbeit mit Interessenverb\u00e4nden, Gewerbetreibenden und Anwohnern stattfinden, um gemeinsam zu einem Konsens zum Thema Verkehrsberuhigung der Altstadt zu kommen. Nur so k\u00f6nnen Konflikte und Bef\u00fcrchtungen ausger\u00e4umt und gemeinsam Vorschl\u00e4ge diskutiert und Ziele definiert werden.<\/p>\n<p>&nbsp;<\/p>\n<p><strong><a href=\"http:\/\/spd-stadtrat.de\/?attachment_id=2561\" rel=\"attachment wp-att-2561\"><img loading=\"lazy\" class=\"alignleft size-medium wp-image-2561\" src=\"http:\/\/spd-stadtrat.de\/wp-content\/uploads\/2017\/05\/Emil-2017-1-50-300x225.jpg\" alt=\"\" width=\"300\" height=\"225\" srcset=\"https:\/\/spd-stadtrat.de\/wp-content\/uploads\/2017\/05\/Emil-2017-1-50-300x225.jpg 300w, https:\/\/spd-stadtrat.de\/wp-content\/uploads\/2017\/05\/Emil-2017-1-50-768x576.jpg 768w, https:\/\/spd-stadtrat.de\/wp-content\/uploads\/2017\/05\/Emil-2017-1-50-1024x768.jpg 1024w, https:\/\/spd-stadtrat.de\/wp-content\/uploads\/2017\/05\/Emil-2017-1-50-600x450.jpg 600w, https:\/\/spd-stadtrat.de\/wp-content\/uploads\/2017\/05\/Emil-2017-1-50.jpg 1280w\" sizes=\"(max-width: 300px) 100vw, 300px\" \/><\/a>Integriertes St\u00e4dtebauliches Entwicklungskonzept f\u00fcr die zentrale Altstadt<\/strong><\/p>\n<p>Erste Einzell\u00f6sungen wurden im Vorgriff auf das Gesamtkonzept von einer Arbeitsgruppe der Bunten Koalition erarbeitet, in der Verwaltung auf ihre Durchf\u00fchrbarkeit&nbsp; \u00fcberpr\u00fcft und bei einer Informationsveranstaltung beim \u201eRunden Tisch Altstadt\u201c vorgestellt. Bereits n\u00e4chste Woche werden sie im Planungsausschuss beschlossen und dann zeitnah umgesetzt.<\/p>\n<p>&nbsp;<\/p>\n<p><strong>Verkehrsberuhigter Domplatz<\/strong><\/p>\n<p>Als eine erster Teilschritt wird der Domplatz in eine Wohnverkehrsstra\u00dfe&nbsp; umgewandelt. Somit will die Koalition den allt\u00e4glichen Durchgangsverkehr minimieren, wobei Anwohner, Liefer- und Handwerkerverkehr, Taxis, \u00c4rzte im Dienst und&nbsp; Linienverkehr auch weiterhin die Verbindung zwischen Kornmarkt und Goliathstra\u00dfe nutzen d\u00fcrfen, ebenso wie Hotelg\u00e4ste. Indem auch noch die 10 Kurzzeitparkpl\u00e4tze vor der ehemaligen Dompost in dringend erforderliche Behinderten- und&nbsp; Bewohnerstellfl\u00e4chen, sowie Lieferzonen umgewandelt werden, wird der \u201eParksuchverkehr\u201c unterbunden.<\/p>\n<p>&nbsp;<\/p>\n<p><strong>Die Vorteile des Durchfahrtverbots<\/strong><\/p>\n<p>Der Anteil des Umweltverbundes (Rad- und Fu\u00dfverkehr, \u00d6PNV) soll gesteigert werden. Den abendlichen \u201ePosern\u201c, die mit PS-starken Autos ihre Runden drehen, will die Koalition einen Riegel vorschieben, w\u00e4hrend die Altstadt auch weiterhin durch den umweltfreundlichen \u201eEmil\u201c-Bus&nbsp; erreichbar ist. L\u00e4rm und Luftverschmutzung (die auch der historischen Geb\u00e4udesubstanz schadet) werden reduziert und durch die vorgegebene Schrittgeschwindigkeit die Verkehrssicherheit erh\u00f6ht.<\/p>\n<p>&nbsp;<\/p>\n<p><strong>Weitere Ma\u00dfnahmen<\/strong><\/p>\n<p>Auch f\u00fcr die Maximilianstra\u00dfe, die Stra\u00dfe \u201eUnter den Schwibb\u00f6gen\u201c und die \u201eFr\u00f6hliche-T\u00fcrken-Stra\u00dfe\u201c sind verkehrsrechtliche \u00c4nderungen vorgesehen.<\/p>\n<p>&nbsp;<\/p>\n<p>Sie alle haben zum Ziel, den Durchgangsverkehr zu minimieren, dem Fu\u00df-\/Radverkehr und dem Altstadtbus Vorrang zu gew\u00e4hren, und die Attraktivit\u00e4t der Altstadt wieder zu steigern.<\/p>\n","protected":false},"excerpt":{"rendered":"<p>Regensburg, 04.12.2019 Die Verkehrssituation in der Altstadt ist schon seit Jahren ein Dauerthema im Regensburger Stadtrat. Einerseits sollen Feinstaub-&nbsp; und L\u00e4rmbelastung, Durchgangs- und Lieferverkehr reduziert werden, andererseits muss die Mobilit\u00e4t der B\u00fcrgerinnen und B\u00fcrger und die Erreichbarkeit der Gesch\u00e4fte garantiert<\/p>\n","protected":false},"author":6,"featured_media":0,"comment_status":"closed","ping_status":"open","sticky":false,"template":"","format":"standard","meta":{"ngg_post_thumbnail":0},"categories":[1],"tags":[],"jetpack_featured_media_url":"","_links":{"self":[{"href":"https:\/\/spd-stadtrat.de\/index.php?rest_route=\/wp\/v2\/posts\/3976"}],"collection":[{"href":"https:\/\/spd-stadtrat.de\/index.php?rest_route=\/wp\/v2\/posts"}],"about":[{"href":"https:\/\/spd-stadtrat.de\/index.php?rest_route=\/wp\/v2\/types\/post"}],"author":[{"embeddable":true,"href":"https:\/\/spd-stadtrat.de\/index.php?rest_route=\/wp\/v2\/users\/6"}],"replies":[{"embeddable":true,"href":"https:\/\/spd-stadtrat.de\/index.php?rest_route=%2Fwp%2Fv2%2Fcomments&post=3976"}],"version-history":[{"count":1,"href":"https:\/\/spd-stadtrat.de\/index.php?rest_route=\/wp\/v2\/posts\/3976\/revisions"}],"predecessor-version":[{"id":3977,"href":"https:\/\/spd-stadtrat.de\/index.php?rest_route=\/wp\/v2\/posts\/3976\/revisions\/3977"}],"wp:attachment":[{"href":"https:\/\/spd-stadtrat.de\/index.php?rest_route=%2Fwp%2Fv2%2Fmedia&parent=3976"}],"wp:term":[{"taxonomy":"category","embeddable":true,"href":"https:\/\/spd-stadtrat.de\/index.php?rest_route=%2Fwp%2Fv2%2Fcategories&post=3976"},{"taxonomy":"post_tag","embeddable":true,"href":"https:\/\/spd-stadtrat.de\/index.php?rest_route=%2Fwp%2Fv2%2Ftags&post=3976"}],"curies":[{"name":"wp","href":"https:\/\/api.w.org\/{rel}","templated":true}]}}