{"id":3986,"date":"2019-12-21T00:05:58","date_gmt":"2019-12-20T23:05:58","guid":{"rendered":"http:\/\/spd-stadtrat.de\/?p=3986"},"modified":"2019-12-16T12:06:32","modified_gmt":"2019-12-16T11:06:32","slug":"weihnachtsgruesse","status":"publish","type":"post","link":"https:\/\/spd-stadtrat.de\/?p=3986","title":{"rendered":"Weihnachtsgr\u00fc\u00dfe"},"content":{"rendered":"<p><a href=\"http:\/\/spd-stadtrat.de\/?attachment_id=3985\" rel=\"attachment wp-att-3985\"><img loading=\"lazy\" class=\"alignleft wp-image-3985\" src=\"http:\/\/spd-stadtrat.de\/wp-content\/uploads\/2019\/12\/Weihnachten-2019-768x1024.jpg\" alt=\"\" width=\"377\" height=\"502\" srcset=\"https:\/\/spd-stadtrat.de\/wp-content\/uploads\/2019\/12\/Weihnachten-2019-768x1024.jpg 768w, https:\/\/spd-stadtrat.de\/wp-content\/uploads\/2019\/12\/Weihnachten-2019-225x300.jpg 225w, https:\/\/spd-stadtrat.de\/wp-content\/uploads\/2019\/12\/Weihnachten-2019.jpg 929w\" sizes=\"(max-width: 377px) 100vw, 377px\" \/><\/a>Ein ereignisreiches Jahr neigt sich dem Ende zu.<\/p>\n<p>Viele wichtige Projekte f\u00fcr unsere Stadt konnten wir im Stadtrat voranbringen, beispielsweise im Bereich Wohnungsbau mit dem Erwerb der Prinz-Leopold-Kaserne und dem Baulandbeschluss, mit der Weiterentwicklung des Stadtbahnprojekts, mit unz\u00e4hligen sozialen Ma\u00dfnahmen.<\/p>\n<p>Nun steht Weihnachten vor der T\u00fcr, man freut sich auf etwas Ruhe und Besinnlichkeit.<\/p>\n<p>Weihnachten ist aber nicht nur eine Zeit, in der wir \u00fcber das vergangene Jahr und seine Ereignisse nachdenken, sondern auch die Zeit, um Danke zu sagen.<\/p>\n<p>Danke zu sagen allen Menschen, die sich aufopferungsvoll um Alte, Kranke und Pflegbed\u00fcrftige k\u00fcmmern.<\/p>\n<p>Danke zu sagen allen Mitb\u00fcrgerinnen und Mitb\u00fcrgern, die sich ehrenamtlich engagieren in Vereinen, bei der Feuerwehr, in der Fl\u00fcchtlingshilfe oder sich in sonstiger Weise in unsere Stadtgesellschaft einbringen.<\/p>\n<p>Diesen vielen Menschen Danke sagen zu d\u00fcrfen, ist f\u00fcr uns ein besonderes Weihnachtsgeschenk.&nbsp;<\/p>\n<p>In diesem Sinne w\u00fcnschen wir allen Mitb\u00fcrgerinnen und Mitb\u00fcrgern eine besinnliche Weihnachtszeit, einen hoffentlich ruhigen Jahresausklang und viel Gl\u00fcck, Gesundheit und Erfolg im neuen Jahr 2020.<\/p>\n<p>Dr. Klaus Rappert<br \/>\nFraktionsvorsitzender<\/p>\n","protected":false},"excerpt":{"rendered":"<p>Ein ereignisreiches Jahr neigt sich dem Ende zu. Viele wichtige Projekte f\u00fcr unsere Stadt konnten wir im Stadtrat voranbringen, beispielsweise im Bereich Wohnungsbau mit dem Erwerb der Prinz-Leopold-Kaserne und dem Baulandbeschluss, mit der Weiterentwicklung des Stadtbahnprojekts, mit unz\u00e4hligen sozialen Ma\u00dfnahmen.<\/p>\n","protected":false},"author":6,"featured_media":0,"comment_status":"closed","ping_status":"open","sticky":false,"template":"","format":"standard","meta":{"ngg_post_thumbnail":0},"categories":[1],"tags":[],"jetpack_featured_media_url":"","_links":{"self":[{"href":"https:\/\/spd-stadtrat.de\/index.php?rest_route=\/wp\/v2\/posts\/3986"}],"collection":[{"href":"https:\/\/spd-stadtrat.de\/index.php?rest_route=\/wp\/v2\/posts"}],"about":[{"href":"https:\/\/spd-stadtrat.de\/index.php?rest_route=\/wp\/v2\/types\/post"}],"author":[{"embeddable":true,"href":"https:\/\/spd-stadtrat.de\/index.php?rest_route=\/wp\/v2\/users\/6"}],"replies":[{"embeddable":true,"href":"https:\/\/spd-stadtrat.de\/index.php?rest_route=%2Fwp%2Fv2%2Fcomments&post=3986"}],"version-history":[{"count":5,"href":"https:\/\/spd-stadtrat.de\/index.php?rest_route=\/wp\/v2\/posts\/3986\/revisions"}],"predecessor-version":[{"id":3991,"href":"https:\/\/spd-stadtrat.de\/index.php?rest_route=\/wp\/v2\/posts\/3986\/revisions\/3991"}],"wp:attachment":[{"href":"https:\/\/spd-stadtrat.de\/index.php?rest_route=%2Fwp%2Fv2%2Fmedia&parent=3986"}],"wp:term":[{"taxonomy":"category","embeddable":true,"href":"https:\/\/spd-stadtrat.de\/index.php?rest_route=%2Fwp%2Fv2%2Fcategories&post=3986"},{"taxonomy":"post_tag","embeddable":true,"href":"https:\/\/spd-stadtrat.de\/index.php?rest_route=%2Fwp%2Fv2%2Ftags&post=3986"}],"curies":[{"name":"wp","href":"https:\/\/api.w.org\/{rel}","templated":true}]}}