{"id":4013,"date":"2020-01-27T09:04:16","date_gmt":"2020-01-27T08:04:16","guid":{"rendered":"http:\/\/spd-stadtrat.de\/?p=4013"},"modified":"2020-01-24T07:17:46","modified_gmt":"2020-01-24T06:17:46","slug":"falschparker-behindern-rettungsdienste-und-muellabfuhr-in-der-humboldtstrasse-die-spd-stadtratsfraktion-nimmt-sich-des-problems-an","status":"publish","type":"post","link":"https:\/\/spd-stadtrat.de\/?p=4013","title":{"rendered":"Falschparker behindern Rettungsdienste und M\u00fcllabfuhr in der Humboldtstra\u00dfe &#8211; die SPD-Stadtratsfraktion nimmt sich des Problems an"},"content":{"rendered":"<p style=\"text-align: right;\">Regensburg, 27.01.2020<\/p>\n<p><a href=\"http:\/\/spd-stadtrat.de\/?attachment_id=4011\" rel=\"attachment wp-att-4011\"><img loading=\"lazy\" class=\"alignleft size-medium wp-image-4011\" src=\"http:\/\/spd-stadtrat.de\/wp-content\/uploads\/2020\/01\/20191231_084142-300x225.jpg\" alt=\"\" width=\"300\" height=\"225\" srcset=\"https:\/\/spd-stadtrat.de\/wp-content\/uploads\/2020\/01\/20191231_084142-300x225.jpg 300w, https:\/\/spd-stadtrat.de\/wp-content\/uploads\/2020\/01\/20191231_084142-768x576.jpg 768w, https:\/\/spd-stadtrat.de\/wp-content\/uploads\/2020\/01\/20191231_084142-1024x768.jpg 1024w, https:\/\/spd-stadtrat.de\/wp-content\/uploads\/2020\/01\/20191231_084142.jpg 1613w\" sizes=\"(max-width: 300px) 100vw, 300px\" \/><\/a>\u201eWir haben um eine \u00dcberpr\u00fcfung der Verkehrssituation in der Humboldtstra\u00dfe durch die Stadt gebeten, nachdem es nach Feststellungen der Anwohnern immer wieder zu nicht hinnehmbaren, z.T. wohl auch zu lebensgef\u00e4hrdenden, Situationen durch Falschparker kommt\u201c, erkl\u00e4rt Stadtr\u00e4tin Evelyn Kolbe-Stockert.<\/p>\n<p>Zunehmend klagen die Anwohner der Humboldtstra\u00dfe \u00fcber unhaltbare Zust\u00e4nde durch falsch parkende Autos. Am 29.11.2019 f\u00fchrte das Falschparken einiger uneinsichtiger Autobesitzer sogar zur Behinderung einer Einsatzfahrt eines Rettungsdienstes in der Humboldtstra\u00dfe. Die Bewohner sind besorgt, dass auch die Feuerwehr einmal an der Durchfahrt gehindert sein k\u00f6nnte, wenn die Situation weiterhin so bleibt. Die M\u00fcllabfuhr musste bereits mehrfach unverrichteter Dinge abdrehen, weil mit den M\u00fcllfahrzeugen kein &nbsp;Durchkommen war. Dadurch kam es zu Sonderleerungsterminen und Extrakosten f\u00fcr die Anwohner.<\/p>\n<p>Laut den Anwohnern der Humboldtstra\u00dfe wurde bei den beiden B\u00fcrgerdialogen zum Kasernenviertel die Situation bei Polizei und Verwaltung angesprochen. Bisher hat sich leider an der Situation nichts ge\u00e4ndert. Bei den Antworten dazu, welche im zweiten Dialog pr\u00e4sentiert wurden, wurde der Schwerpunkt des Falschparkens im verkehrsberuhigten Bereich klar ausgemacht. Leider wurde aber bisher keine merkliche Verbesserung erreicht.<\/p>\n<p>Die Polizei versuchte schon einmal mit Zetteln, die sie den Falschparkern unter die Scheibenwischer klemmte, auf die Problematik hinzuweisen. Ein ver\u00e4ndertes Verhalten ergab sich daraufhin nicht.<\/p>\n<p>\u201eEs ist nicht hinzunehmen, dass durch r\u00fccksichtsloses Falschparken ein ganzes Wohnquartier gef\u00e4hrdet wird, indem die Zufahrt u.a. f\u00fcr Rettungs- und Feuerwehrfahrzeuge behindert wird\u201c, betont Stadtr\u00e4tin Kolbe-Stockert.<\/p>\n<figure id=\"attachment_1678\" aria-describedby=\"caption-attachment-1678\" style=\"width: 150px\" class=\"wp-caption alignleft\"><a href=\"http:\/\/spd-stadtrat.de\/?attachment_id=1678\" rel=\"attachment wp-att-1678\"><img loading=\"lazy\" class=\"size-thumbnail wp-image-1678\" src=\"http:\/\/spd-stadtrat.de\/wp-content\/uploads\/2016\/03\/E-Kolbe-Stockert-150x150.jpg\" alt=\"\" width=\"150\" height=\"150\"><\/a><figcaption id=\"caption-attachment-1678\" class=\"wp-caption-text\">Evelyn Kolbe-Stockert<\/figcaption><\/figure>\n<p>Deshalb hat die SPD-Stadtratsfraktion jetzt bei der Stadtverwaltung darum gebeten, einen Vorschlag der Anwohner zur Verbesserung der Situation zu pr\u00fcfen. Danach soll eine Stra\u00dfenseite durch Beschilderung einer Feuerwehranfahrtszone und konsequentes Entfernen von Falschparkern aus dieser Anfahrtszone freigehalten werden. So k\u00f6nnte, so hoffen die Anwohner, kurzfristig eine Durchfahrt f\u00fcr die Feuerwehr und die anderen Dienste mit einer erforderlichen Mindestbreite von 3,0 Metern sichergestellt werden.<\/p>\n<p>&nbsp;<\/p>\n","protected":false},"excerpt":{"rendered":"<p>Regensburg, 27.01.2020 \u201eWir haben um eine \u00dcberpr\u00fcfung der Verkehrssituation in der Humboldtstra\u00dfe durch die Stadt gebeten, nachdem es nach Feststellungen der Anwohnern immer wieder zu nicht hinnehmbaren, z.T. wohl auch zu lebensgef\u00e4hrdenden, Situationen durch Falschparker kommt\u201c, erkl\u00e4rt Stadtr\u00e4tin Evelyn Kolbe-Stockert.<\/p>\n","protected":false},"author":6,"featured_media":0,"comment_status":"closed","ping_status":"open","sticky":false,"template":"","format":"standard","meta":{"ngg_post_thumbnail":0},"categories":[1],"tags":[],"jetpack_featured_media_url":"","_links":{"self":[{"href":"https:\/\/spd-stadtrat.de\/index.php?rest_route=\/wp\/v2\/posts\/4013"}],"collection":[{"href":"https:\/\/spd-stadtrat.de\/index.php?rest_route=\/wp\/v2\/posts"}],"about":[{"href":"https:\/\/spd-stadtrat.de\/index.php?rest_route=\/wp\/v2\/types\/post"}],"author":[{"embeddable":true,"href":"https:\/\/spd-stadtrat.de\/index.php?rest_route=\/wp\/v2\/users\/6"}],"replies":[{"embeddable":true,"href":"https:\/\/spd-stadtrat.de\/index.php?rest_route=%2Fwp%2Fv2%2Fcomments&post=4013"}],"version-history":[{"count":2,"href":"https:\/\/spd-stadtrat.de\/index.php?rest_route=\/wp\/v2\/posts\/4013\/revisions"}],"predecessor-version":[{"id":4015,"href":"https:\/\/spd-stadtrat.de\/index.php?rest_route=\/wp\/v2\/posts\/4013\/revisions\/4015"}],"wp:attachment":[{"href":"https:\/\/spd-stadtrat.de\/index.php?rest_route=%2Fwp%2Fv2%2Fmedia&parent=4013"}],"wp:term":[{"taxonomy":"category","embeddable":true,"href":"https:\/\/spd-stadtrat.de\/index.php?rest_route=%2Fwp%2Fv2%2Fcategories&post=4013"},{"taxonomy":"post_tag","embeddable":true,"href":"https:\/\/spd-stadtrat.de\/index.php?rest_route=%2Fwp%2Fv2%2Ftags&post=4013"}],"curies":[{"name":"wp","href":"https:\/\/api.w.org\/{rel}","templated":true}]}}