{"id":4032,"date":"2020-02-07T12:16:00","date_gmt":"2020-02-07T11:16:00","guid":{"rendered":"http:\/\/spd-stadtrat.de\/?p=4032"},"modified":"2020-02-12T08:32:51","modified_gmt":"2020-02-12T07:32:51","slug":"regensburger-stadtrat-hat-entschieden-strategien-fuer-zero-waste-null-abfall","status":"publish","type":"post","link":"https:\/\/spd-stadtrat.de\/?p=4032","title":{"rendered":"Regensburger Stadtrat hat entschieden, Strategien f\u00fcr \u201eZero Waste\u201c (=Null Abfall)"},"content":{"rendered":"<p style=\"text-align: right;\">Regensburg, 07.02.2020<\/p>\n<p>Der Regensburger Stadtrat hat entschieden, Strategien f\u00fcr \u201eZero Waste\u201c&nbsp; (=Null Abfall) zu entwickeln, um so die M\u00fcllflut nicht nur zu \u201eentsorgen\u201c, sondern sie schon im Ansatz zu vermeiden. In Europa gibt es bereits ca.&nbsp; 400 St\u00e4dte und Gemeinden, die sich den Handlungsfeldern von \u201eZero Waste\u201c verpflichtet haben, und den Wandel von Abfall- zu Ressourcen-Management gestalten wollen.<\/p>\n<figure id=\"attachment_103\" aria-describedby=\"caption-attachment-103\" style=\"width: 150px\" class=\"wp-caption alignleft\"><a href=\"http:\/\/spd-stadtrat.de\/?attachment_id=103\" rel=\"attachment wp-att-103\"><img loading=\"lazy\" class=\"size-thumbnail wp-image-103\" src=\"http:\/\/spd-stadtrat.de\/wp-content\/uploads\/2015\/03\/Holler-150x150.jpg\" alt=\"\" width=\"150\" height=\"150\"><\/a><figcaption id=\"caption-attachment-103\" class=\"wp-caption-text\">Hans Holler<br \/>Sprecher f\u00fcr Umweltpolitik<\/figcaption><\/figure>\n<p>Die Erfolge anderer St\u00e4dte in diesem Bestreben sind erstaunlich: So sank in der ersten Zero-Waste-Stadt Europas&nbsp; (Capannori in der Toskana) zwischen 2004 und 2013 die Abfallmenge pro Person um 39%, der Restm\u00fcll gar um 57%, der Anteil des Restm\u00fclls am Gesamtm\u00fcll von 64% auf 18%.<\/p>\n<p>Die erste Zero-Waste-Stadt Deutschlands wurde 2018 Kiel, das mit verschiedenen Projektpartnern gerade Strategien entwickelt, um die Verschwendung von Ressourcen einzud\u00e4mmen und Abfall zu vermeiden. Durch eine Einbindung der Bev\u00f6lkerung, besonders aber der Schl\u00fcsselakteure aus Verwaltung, Schulen, Politik und Unternehmen, werden konkrete umsetzbare Ma\u00dfnahmen erarbeitet.&nbsp;<\/p>\n<p>Die Stadtverwaltung Regensburg hat bereits zahlreiche Projekte angesto\u00dfen, z.B. den Ausbau von Trennung und Nutzung von Bio-M\u00fcll, die Wiederer\u00f6ffnung des Flohmarkts am Recyclinghof, das Verbot von Einwegbechern bei \u00f6ffentlichen Veranstaltungen u.v.m.&nbsp; Auch zahlreiche private Initiativen verfolgen den Zero-Waste Gedanken, z.B. regensburg-repariert.de, F\u00fcllgut-die Mehrwegerei, Werkhof, Transition Regensburg, KeepCup on Campus (OTH) u.v.m.<\/p>\n<p>Die Bunte Koalition unter der F\u00fchrung der Regensburger SPD m\u00f6chte nun dem Kieler Beispiel folgen und noch weitere konkrete Ma\u00dfnahmen zur Abfallvermeidung entwickeln (z.B. Alternativen f\u00fcr Einwegprodukte, Vorgaben f\u00fcr kommunale Einrichtungen etc.), v.a. aber auch die Regensburger Bev\u00f6lkerung f\u00fcr dieses Thema sensibilisieren.<\/p>\n<p>&nbsp;<\/p>\n","protected":false},"excerpt":{"rendered":"<p>Regensburg, 07.02.2020 Der Regensburger Stadtrat hat entschieden, Strategien f\u00fcr \u201eZero Waste\u201c&nbsp; (=Null Abfall) zu entwickeln, um so die M\u00fcllflut nicht nur zu \u201eentsorgen\u201c, sondern sie schon im Ansatz zu vermeiden. In Europa gibt es bereits ca.&nbsp; 400 St\u00e4dte und Gemeinden,<\/p>\n","protected":false},"author":6,"featured_media":0,"comment_status":"closed","ping_status":"open","sticky":false,"template":"","format":"standard","meta":{"ngg_post_thumbnail":0},"categories":[1],"tags":[],"jetpack_featured_media_url":"","_links":{"self":[{"href":"https:\/\/spd-stadtrat.de\/index.php?rest_route=\/wp\/v2\/posts\/4032"}],"collection":[{"href":"https:\/\/spd-stadtrat.de\/index.php?rest_route=\/wp\/v2\/posts"}],"about":[{"href":"https:\/\/spd-stadtrat.de\/index.php?rest_route=\/wp\/v2\/types\/post"}],"author":[{"embeddable":true,"href":"https:\/\/spd-stadtrat.de\/index.php?rest_route=\/wp\/v2\/users\/6"}],"replies":[{"embeddable":true,"href":"https:\/\/spd-stadtrat.de\/index.php?rest_route=%2Fwp%2Fv2%2Fcomments&post=4032"}],"version-history":[{"count":4,"href":"https:\/\/spd-stadtrat.de\/index.php?rest_route=\/wp\/v2\/posts\/4032\/revisions"}],"predecessor-version":[{"id":4045,"href":"https:\/\/spd-stadtrat.de\/index.php?rest_route=\/wp\/v2\/posts\/4032\/revisions\/4045"}],"wp:attachment":[{"href":"https:\/\/spd-stadtrat.de\/index.php?rest_route=%2Fwp%2Fv2%2Fmedia&parent=4032"}],"wp:term":[{"taxonomy":"category","embeddable":true,"href":"https:\/\/spd-stadtrat.de\/index.php?rest_route=%2Fwp%2Fv2%2Fcategories&post=4032"},{"taxonomy":"post_tag","embeddable":true,"href":"https:\/\/spd-stadtrat.de\/index.php?rest_route=%2Fwp%2Fv2%2Ftags&post=4032"}],"curies":[{"name":"wp","href":"https:\/\/api.w.org\/{rel}","templated":true}]}}