{"id":4037,"date":"2020-02-10T09:20:55","date_gmt":"2020-02-10T08:20:55","guid":{"rendered":"http:\/\/spd-stadtrat.de\/?p=4037"},"modified":"2020-02-12T08:32:18","modified_gmt":"2020-02-12T07:32:18","slug":"foerderung-des-waermenetzes-4-0-der-baugenossenschaft-margaretenau","status":"publish","type":"post","link":"https:\/\/spd-stadtrat.de\/?p=4037","title":{"rendered":"F\u00f6rderung des W\u00e4rmenetzes 4.0. der Baugenossenschaft Margaretenau"},"content":{"rendered":"<p style=\"text-align: right;\">Regensburg, 10.02.2020<\/p>\n<p>Unter der F\u00fchrung der SPD hat der Umweltausschuss im Regensburger Stadtrat entschieden, ein innovatives und effizientes W\u00e4rmekonzept der Baugenossenschaft Margaretenau mit 33.500 \u20ac zu f\u00f6rdern, und so einen wichtigen Beitrag zum Umwelt- und Klimaschutz in der Stadt zu leisten.<\/p>\n<p>Das geplante W\u00e4rmenetzsystem 4.0. soll eine v\u00f6llig autarke W\u00e4rmeversorgung f\u00fcr die Wohnungen der Baugenossenschaft Margaretenau sicherstellen. Da sich die Stadt Regensburg ausdr\u00fccklich zu den Zielen des Pariser Klimaschutzabkommen bekennt, m\u00f6chte sie auch besonders den CO<sub>2<\/sub>-Aussto\u00df in der Stadt verringern und erneuerbare Energien f\u00f6rdern. Sie nimmt deshalb auch am KfW Programm \u201eEnergetische Stadtsanierung\u201c teil und hat gerade in der Baugenossenschaft Margaretenau hohe Einsparpotenziale erkannt. Die Bewohnerinnen und Bewohner des Quartiers Margaretenau sollen dabei intensiv in die Planungen mit eingebunden werden, um sicherzustellen, dass sie mit den notwendigen Ma\u00dfnahmen zufrieden sind und das Projekt unterst\u00fctzen, das viele Vorteile mit sich bringt.<\/p>\n<figure id=\"attachment_2252\" aria-describedby=\"caption-attachment-2252\" style=\"width: 150px\" class=\"wp-caption alignleft\"><a href=\"http:\/\/spd-stadtrat.de\/?attachment_id=2252\" rel=\"attachment wp-att-2252\"><img loading=\"lazy\" class=\"size-thumbnail wp-image-2252\" src=\"http:\/\/spd-stadtrat.de\/wp-content\/uploads\/2017\/02\/Klaus-Rappert-n-150x150.jpg\" alt=\"Dr. Klaus Rappert\" width=\"150\" height=\"150\"><\/a><figcaption id=\"caption-attachment-2252\" class=\"wp-caption-text\">Dr. Klaus Rappert<\/figcaption><\/figure>\n<p>Nach einer energetischen Geb\u00e4udesanierung werden ca. zwei Drittel (!) der Energie eingespart werden, die Versorgung mit W\u00e4rme und Strom soll haupts\u00e4chlich aus erneuerbaren Quellen kommen und weitgehend im Quartier selbst erzeugt werden (Energieautarkie). Geplant sind einerseits Photovoltaik-Anlagen, die Strom erzeugen, andererseits Hybrid-W\u00e4rmepumpen, die daf\u00fcr sorgen, dass immer diejenige Umweltw\u00e4rmequelle eingesetzt wird, die gerade am effizientesten ist: Au\u00dfenluft im Sommer, Grundwasser oder ein Erdw\u00e4rmekollektor im Fr\u00fchjahr und Herbst, und im Winter ein Mischbetrieb mit durch Biogas betriebene Blockheizkraftwerke.<\/p>\n<p>Besonders interessant ist bei diesem Projekt ein innovatives Verfahren, das durch regeneratives Methan die Strom\u00fcbersch\u00fcsse der Photovoltaik-Anlage im Sommer in den Winter hinein \u201eretten\u201c soll, um damit die Blockheizkraftwerke (f\u00fcr W\u00e4rme und Strom-Erzeugung) betreiben zu k\u00f6nnen.<\/p>\n<p>Die Baugenossenschaft Margaretenau m\u00f6chte sich bei der AfB f\u00fcr eine 60%ige F\u00f6rderung der Machbarkeitsstudie bewerben. Diese bezuschusst die Stadt Regensburg jetzt mit 33.500 Euro, da die oben beschriebene Energieversorgung ein Quantensprung auf dem Gebiet der energetischen Stadtsanierung w\u00e4re und den Forderungen des st\u00e4dtischen \u201eLeitbild Energie und Klima\u201c voll entspricht: energieeffiziente Quartierssanierung, CO<sub>2<\/sub> Einsparung, Reduzierung fossiler Brennstoffe und F\u00f6rderung erneuerbarer Energien und innovativer L\u00f6sungen.&nbsp;<\/p>\n<p>Die Sanierung der Baugenossenschaft Margaretenau wird au\u00dferdem von einer Forschungsinitiative des Bundes im Bereich Klima und Energie unter der F\u00fchrung der OTH Regensburg begleitet, die mit 3,4 Millionen aus Bundesmitteln gef\u00f6rdert wird. Neben dem neuartigen Hybrid-Heizsystem aus Blockheizkraftwerk und W\u00e4rmepumpe werden auch neue mineralische Putzsysteme und ein intelligentes Energie-Management erforscht, wobei neben der Wirtschaftlichkeit der Sanierung und der Verwendung nachhaltiger Baustoffe besonders der Klimaschutz (Reduzierung des CO<sub>2<\/sub>-Aussto\u00dfes) das Kernziel ist.<\/p>\n<p>Die Stadt m\u00f6chte auf dem Weg in eine CO<sub>2<\/sub>-freie Zukunft zus\u00e4tzlich die Synergie-Effekte mit der Energie-Forschung der OTH und anderen Institutionen nutzen und sich als Wirtschaftsstandort mit dem \u201eCluster Energie\u201c weiter profilieren.<\/p>\n<p>Die Bewohner der Margaretenau h\u00e4tten bei der geplanten energetischen Sanierung die Chance, von einer CO<sub>2<\/sub>-freien, d.h. sauberen und autarken Energie zu profitieren, deren Kosten stabil bleiben und nicht von den Preisschwankungen der fossilen Energietr\u00e4ger abh\u00e4ngen.<\/p>\n","protected":false},"excerpt":{"rendered":"<p>Regensburg, 10.02.2020 Unter der F\u00fchrung der SPD hat der Umweltausschuss im Regensburger Stadtrat entschieden, ein innovatives und effizientes W\u00e4rmekonzept der Baugenossenschaft Margaretenau mit 33.500 \u20ac zu f\u00f6rdern, und so einen wichtigen Beitrag zum Umwelt- und Klimaschutz in der Stadt zu<\/p>\n","protected":false},"author":6,"featured_media":0,"comment_status":"closed","ping_status":"open","sticky":false,"template":"","format":"standard","meta":{"ngg_post_thumbnail":0},"categories":[1],"tags":[],"jetpack_featured_media_url":"","_links":{"self":[{"href":"https:\/\/spd-stadtrat.de\/index.php?rest_route=\/wp\/v2\/posts\/4037"}],"collection":[{"href":"https:\/\/spd-stadtrat.de\/index.php?rest_route=\/wp\/v2\/posts"}],"about":[{"href":"https:\/\/spd-stadtrat.de\/index.php?rest_route=\/wp\/v2\/types\/post"}],"author":[{"embeddable":true,"href":"https:\/\/spd-stadtrat.de\/index.php?rest_route=\/wp\/v2\/users\/6"}],"replies":[{"embeddable":true,"href":"https:\/\/spd-stadtrat.de\/index.php?rest_route=%2Fwp%2Fv2%2Fcomments&post=4037"}],"version-history":[{"count":4,"href":"https:\/\/spd-stadtrat.de\/index.php?rest_route=\/wp\/v2\/posts\/4037\/revisions"}],"predecessor-version":[{"id":4044,"href":"https:\/\/spd-stadtrat.de\/index.php?rest_route=\/wp\/v2\/posts\/4037\/revisions\/4044"}],"wp:attachment":[{"href":"https:\/\/spd-stadtrat.de\/index.php?rest_route=%2Fwp%2Fv2%2Fmedia&parent=4037"}],"wp:term":[{"taxonomy":"category","embeddable":true,"href":"https:\/\/spd-stadtrat.de\/index.php?rest_route=%2Fwp%2Fv2%2Fcategories&post=4037"},{"taxonomy":"post_tag","embeddable":true,"href":"https:\/\/spd-stadtrat.de\/index.php?rest_route=%2Fwp%2Fv2%2Ftags&post=4037"}],"curies":[{"name":"wp","href":"https:\/\/api.w.org\/{rel}","templated":true}]}}