{"id":4061,"date":"2020-02-24T08:30:49","date_gmt":"2020-02-24T07:30:49","guid":{"rendered":"http:\/\/spd-stadtrat.de\/?p=4061"},"modified":"2020-02-24T08:26:40","modified_gmt":"2020-02-24T07:26:40","slug":"mehr-plaetze-in-regensburger-frauenhaeuser","status":"publish","type":"post","link":"https:\/\/spd-stadtrat.de\/?p=4061","title":{"rendered":"Mehr Pl\u00e4tze in Regensburger Frauenh\u00e4user"},"content":{"rendered":"\n<p class=\"has-text-align-right\">Regensburg, 19.02.2020<\/p>\n\n\n\n<p>In Regensburg werden k\u00fcnftig 20 statt bisher 18 Pl\u00e4tze in Frauenh\u00e4usern zur Verf\u00fcgung stehen. An den zus\u00e4tzlichen Kosten beteiligt sich die Stadt.<\/p>\n\n\n\n<figure class=\"wp-block-image size-large is-resized\"><img loading=\"lazy\" src=\"http:\/\/spd-stadtrat.de\/wp-content\/uploads\/2016\/03\/E-Kolbe-Stockert-683x1024.jpg\" alt=\"\" class=\"wp-image-1678\" width=\"171\" height=\"256\" srcset=\"https:\/\/spd-stadtrat.de\/wp-content\/uploads\/2016\/03\/E-Kolbe-Stockert-683x1024.jpg 683w, https:\/\/spd-stadtrat.de\/wp-content\/uploads\/2016\/03\/E-Kolbe-Stockert-200x300.jpg 200w, https:\/\/spd-stadtrat.de\/wp-content\/uploads\/2016\/03\/E-Kolbe-Stockert-600x900.jpg 600w, https:\/\/spd-stadtrat.de\/wp-content\/uploads\/2016\/03\/E-Kolbe-Stockert.jpg 709w\" sizes=\"(max-width: 171px) 100vw, 171px\" \/><figcaption>Evelyn Kolbe-Stockert<\/figcaption><\/figure>\n\n\n\n<p>Es gibt seit dem 01.09.2019 neue Richtlinien zur F\u00f6rderung\nzus\u00e4tzlicher Frauenhauspl\u00e4tze sowie zur Anpassung von Frauenhauspl\u00e4tzen an\nbesondere Bedarfe. Diese Richtlinien sehen einen Ausbau des f\u00f6rderf\u00e4higen\nPersonals, sowie eine Erweiterung der Frauenpl\u00e4tze bei gleichzeitiger Erh\u00f6hung\nder F\u00f6rderung durch den Freistaat Bayern vor.<\/p>\n\n\n\n<p>Nach den \u201eGemeinsamen Empfehlungen\u201c hat die Region 11 (Landkreise Cham, Kelheim, Neumarkt\ni. d. Opf., Regensburg und Stadt Regensburg) insgesamt einen Bedarf an\n19 Soll-Pl\u00e4tzen. Die beiden Regensburger Frauenh\u00e4user verf\u00fcgen aktuell aber nur\n\u00fcber 18 Frauenpl\u00e4tze.<\/p>\n\n\n\n<p>Der Frauen helfen Frauen e.V. hat beantragt, die Erweiterung\ndes Frauenhauses um zwei Pl\u00e4tze auf k\u00fcnftig 12 Pl\u00e4tze zu genehmigen. Dadurch\nw\u00fcrden der Region 11 k\u00fcnftig 20 Frauenpl\u00e4tze zur Verf\u00fcgung stehen. Ein weiterer\nAusbau ist von den bestehenden Tr\u00e4gern aktuell nicht vorgesehen.<\/p>\n\n\n\n<p>Die Erweiterung um zwei Pl\u00e4tze f\u00fchrt f\u00fcr das Frauenhaus des\nFrauen helfen Frauen e.V. dazu, dass k\u00fcnftig 4,5 Fachkraftstellen (vorher: 3,25\nStellen) und f\u00fcr das Frauenhaus des Sozialdienstes kath. Frauen k\u00fcnftig 3,05\nFachkraftstellen(vorher: 2,55 Stellen) f\u00f6rderf\u00e4hig sind.<\/p>\n\n\n\n<p>Die Kosten des \u00fcber den Soll-Bedarf von 19 Pl\u00e4tzen hinausgehenden\n20. Frauenplatzes sollen von den Kommunen der Region 11 gemeinsam zu gleichen\nTeilen \u00fcbernommen werden. Solch ein qualitativer und quantitativer Ausbau der\nFrauenh\u00e4user bedarf der Zustimmung aller Kommunen der Region 11. <\/p>\n\n\n\n<p>Da au\u00dferdem &nbsp;die bestehende\nVereinbarung zur Finanzierung der Grundkosten der Regensburger Frauenh\u00e4user\n\u00fcberarbeitet werden musste, haben sich auf Verwaltungsebene Vertreter aller\nbeteiligten Kommunen und der Tr\u00e4ger zu gemeinsamen Gespr\u00e4chen getroffen und\nVorschl\u00e4ge zur k\u00fcnftigen Finanzierung der Regensburger Frauenh\u00e4user\nausgearbeitet.<\/p>\n\n\n\n<p>&nbsp;Mit diesen Vorschl\u00e4gen haben sich bereits die\nzust\u00e4ndigen Gremien der \u00fcbrigen beteiligten Kommunen befasst und den\nVorschl\u00e4gen zugestimmt. Am Mittwoch, dem 19.02.2020 wird dies f\u00fcr die Stadt\nRegensburg im Ausschuss f\u00fcr Soziales und allgemeine Stiftungsangelegenheiten\nund am folgenden Tag im Stadtrat beschlossen werden.<\/p>\n\n\n\n<p>Stadtr\u00e4tin Evelyn Kolbe-Stockert freut sich wie auch ihre\nKolleginnen und Kollegen aus der SPD Fraktion sehr dar\u00fcber: \u201e Durch diese neue\nRichtlinien verbessert sich das Angebot f\u00fcr von gewaltbetroffenen Frauen und\nihre Kinder in Bayern und damit auch &nbsp;das\nAngebot in unserer Stadt. Zudem &nbsp;\u00fcbernimmt die Stadt Regensburg &nbsp;anteilig ab dem Jahr 2020 neben dem nach den\nRichtlinien erforderlichen Fachpersonal die freiwillige Finanzierung von\nzus\u00e4tzlichem Personal im Umfang einer 0,75-Stelle f\u00fcr die Beratung bei\nh\u00e4uslicher Gewalt. Auch &nbsp;dies begr\u00fc\u00dft die\nSPD-Fraktion\u201c.<\/p>\n","protected":false},"excerpt":{"rendered":"<p>Regensburg, 19.02.2020 In Regensburg werden k\u00fcnftig 20 statt bisher 18 Pl\u00e4tze in Frauenh\u00e4usern zur Verf\u00fcgung stehen. An den zus\u00e4tzlichen Kosten beteiligt sich die Stadt. Es gibt seit dem 01.09.2019 neue Richtlinien zur F\u00f6rderung zus\u00e4tzlicher Frauenhauspl\u00e4tze sowie zur Anpassung von Frauenhauspl\u00e4tzen<\/p>\n","protected":false},"author":6,"featured_media":0,"comment_status":"closed","ping_status":"open","sticky":false,"template":"","format":"standard","meta":{"ngg_post_thumbnail":0},"categories":[1],"tags":[],"jetpack_featured_media_url":"","_links":{"self":[{"href":"https:\/\/spd-stadtrat.de\/index.php?rest_route=\/wp\/v2\/posts\/4061"}],"collection":[{"href":"https:\/\/spd-stadtrat.de\/index.php?rest_route=\/wp\/v2\/posts"}],"about":[{"href":"https:\/\/spd-stadtrat.de\/index.php?rest_route=\/wp\/v2\/types\/post"}],"author":[{"embeddable":true,"href":"https:\/\/spd-stadtrat.de\/index.php?rest_route=\/wp\/v2\/users\/6"}],"replies":[{"embeddable":true,"href":"https:\/\/spd-stadtrat.de\/index.php?rest_route=%2Fwp%2Fv2%2Fcomments&post=4061"}],"version-history":[{"count":4,"href":"https:\/\/spd-stadtrat.de\/index.php?rest_route=\/wp\/v2\/posts\/4061\/revisions"}],"predecessor-version":[{"id":4069,"href":"https:\/\/spd-stadtrat.de\/index.php?rest_route=\/wp\/v2\/posts\/4061\/revisions\/4069"}],"wp:attachment":[{"href":"https:\/\/spd-stadtrat.de\/index.php?rest_route=%2Fwp%2Fv2%2Fmedia&parent=4061"}],"wp:term":[{"taxonomy":"category","embeddable":true,"href":"https:\/\/spd-stadtrat.de\/index.php?rest_route=%2Fwp%2Fv2%2Fcategories&post=4061"},{"taxonomy":"post_tag","embeddable":true,"href":"https:\/\/spd-stadtrat.de\/index.php?rest_route=%2Fwp%2Fv2%2Ftags&post=4061"}],"curies":[{"name":"wp","href":"https:\/\/api.w.org\/{rel}","templated":true}]}}