{"id":4080,"date":"2020-03-06T07:55:37","date_gmt":"2020-03-06T06:55:37","guid":{"rendered":"http:\/\/spd-stadtrat.de\/?p=4080"},"modified":"2020-03-11T12:53:20","modified_gmt":"2020-03-11T11:53:20","slug":"spd-gefuehrte-stadtratskoalition-will-wochenmarktkonzept","status":"publish","type":"post","link":"https:\/\/spd-stadtrat.de\/?p=4080","title":{"rendered":"SPD-gef\u00fchrte Stadtratskoalition will Wochenmarktkonzept"},"content":{"rendered":"\n<p> <\/p>\n\n\n\n<p class=\"has-text-align-right\">Regensburg, 04.03.2020<\/p>\n\n\n\n<p>Die Koalitionsfraktionen haben zur Beschlussfassung im Stadtrat beantragt, ein Wochenmarkkonzept f\u00fcr das Stadtgebiet zu erarbeiten, das mindestens einen reinen Biomarkt enth\u00e4lt.<\/p>\n\n\n\n<p><strong>&nbsp;<\/strong>\u201eWochenm\u00e4rkte\nwie in Kumpfm\u00fchl, in Stadtamhof, am Bismarckplatz und am Alten Kornmarkt sowie\neinzelne Marktst\u00e4nde regionaler Erzeuger von Obst und Gem\u00fcse (am Hochweg, in\nder Gumpelzhaimerstra\u00dfe oder am Roter-Brach-Weg) erfreuen sich steigender\nBeliebtheit\u201c, merkt die Initiatorin Stadtr\u00e4tin Evelyn Kolbe-Stockert an.<\/p>\n\n\n\n<figure class=\"wp-block-image size-large is-resized\"><img loading=\"lazy\" src=\"http:\/\/spd-stadtrat.de\/wp-content\/uploads\/2020\/03\/Gem\u00fcsemarkt-1024x473.jpg\" alt=\"\" class=\"wp-image-4108\" width=\"384\" height=\"176\" srcset=\"https:\/\/spd-stadtrat.de\/wp-content\/uploads\/2020\/03\/Gem\u00fcsemarkt-1024x473.jpg 1024w, https:\/\/spd-stadtrat.de\/wp-content\/uploads\/2020\/03\/Gem\u00fcsemarkt-300x139.jpg 300w, https:\/\/spd-stadtrat.de\/wp-content\/uploads\/2020\/03\/Gem\u00fcsemarkt-600x277.jpg 600w, https:\/\/spd-stadtrat.de\/wp-content\/uploads\/2020\/03\/Gem\u00fcsemarkt-1536x709.jpg 1536w, https:\/\/spd-stadtrat.de\/wp-content\/uploads\/2020\/03\/Gem\u00fcsemarkt-2048x946.jpg 2048w\" sizes=\"(max-width: 384px) 100vw, 384px\" \/><\/figure>\n\n\n\n<p>Die\nKoalition ist wie sie der Ansicht, dass die Versorgung mit regionalen und\ninsbesondere biologisch erzeugter Lebensmittel den Menschen immer wichtiger\nwird. Angebote daf\u00fcr sollten unter den Gesichtspunkten \u00d6kologie und\nNachhaltigkeit von der Politik mit aller Anstrengung und vor allem unter\nBetonung der einzelnen Stadtteile unterst\u00fctzt werden. <\/p>\n\n\n\n<p>Seit\nFr\u00fchjahr 2019 ist die Region Regensburg (Stadt und Landkreis) zudem eine von 15\nneuen \u00d6komodellregionen in Bayern. Die \u00d6komodellregion hat zum Ziel, den Anteil\nan biologisch erzeugten Lebensmittelen und deren Absatz zu erh\u00f6hen. Ein\ngeplantes Projekt dabei ist die Einf\u00fchrung eines reinen Biomarktes.<\/p>\n\n\n\n<p>&nbsp;\u201eEs wird aus der Bev\u00f6lkerung immer \u00f6fter der Wunsch nach\neinem Wochenmarkt im Stadtteil an uns herangetragen, in j\u00fcngster Zeit gerade\naus den gro\u00dfen neu entstehenden Wohngebieten, z.B. ehemalige Nibelungenkaserne,\n&#8222;Candis&#8220; oder &#8222;D\u00f6rnberg&#8220;, aber auch aus Stadtteilen wie dem\nKeilberg\u201c, merkt der Fraktionsvorsitzende Dr. Klaus Rappert an.<\/p>\n\n\n\n<p>Die\nfu\u00dfl\u00e4ufige Erreichbarkeit eines Nahversorgers ist f\u00fcr die Menschen generell\nsehr wichtig. Im Nibelungenareal sind die bestehenden Einkaufsm\u00f6glichkeiten an\nder Johann-H\u00f6sl-Stra\u00dfe beispielsweise f\u00fcr \u00e4ltere Menschen und Menschen mit\nBehinderungen oft nicht zu bew\u00e4ltigen. F\u00fcr den geplanten Nahversorger in der\nehem. Nibelungenkaserne k\u00f6nnte ein Wochenmarkt als Nachbar sicherlich eine\nBereicherung und Attraktivit\u00e4tssteigerung darstellen.<\/p>\n\n\n\n<p>Von\ngro\u00dfer Bedeutung ist dabei die soziale Komponente, die ein Wochenmarkt erf\u00fcllen\nk\u00f6nnte. Neubaugebiete, aber auch die oft wenig strukturiert gewachsenen\nStadtteile, brauchen Treffpunkte, also Orte, an denen man Dinge des t\u00e4glichen\nLebens erledigt und dabei gleichzeitig mit anderen Menschen in Kontakt kommen\nkann. Solche Orte eignen sich zugleich als Stadtteilzentren, die zur\nIdentifikation mit der engeren Wohnumgebung und zu deren Attraktivit\u00e4t\nbeitragen.<\/p>\n\n\n\n<p><\/p>\n","protected":false},"excerpt":{"rendered":"<p>Regensburg, 04.03.2020 Die Koalitionsfraktionen haben zur Beschlussfassung im Stadtrat beantragt, ein Wochenmarkkonzept f\u00fcr das Stadtgebiet zu erarbeiten, das mindestens einen reinen Biomarkt enth\u00e4lt. &nbsp;\u201eWochenm\u00e4rkte wie in Kumpfm\u00fchl, in Stadtamhof, am Bismarckplatz und am Alten Kornmarkt sowie einzelne Marktst\u00e4nde regionaler Erzeuger<\/p>\n","protected":false},"author":6,"featured_media":0,"comment_status":"closed","ping_status":"open","sticky":false,"template":"","format":"standard","meta":{"ngg_post_thumbnail":0},"categories":[1],"tags":[],"jetpack_featured_media_url":"","_links":{"self":[{"href":"https:\/\/spd-stadtrat.de\/index.php?rest_route=\/wp\/v2\/posts\/4080"}],"collection":[{"href":"https:\/\/spd-stadtrat.de\/index.php?rest_route=\/wp\/v2\/posts"}],"about":[{"href":"https:\/\/spd-stadtrat.de\/index.php?rest_route=\/wp\/v2\/types\/post"}],"author":[{"embeddable":true,"href":"https:\/\/spd-stadtrat.de\/index.php?rest_route=\/wp\/v2\/users\/6"}],"replies":[{"embeddable":true,"href":"https:\/\/spd-stadtrat.de\/index.php?rest_route=%2Fwp%2Fv2%2Fcomments&post=4080"}],"version-history":[{"count":3,"href":"https:\/\/spd-stadtrat.de\/index.php?rest_route=\/wp\/v2\/posts\/4080\/revisions"}],"predecessor-version":[{"id":4110,"href":"https:\/\/spd-stadtrat.de\/index.php?rest_route=\/wp\/v2\/posts\/4080\/revisions\/4110"}],"wp:attachment":[{"href":"https:\/\/spd-stadtrat.de\/index.php?rest_route=%2Fwp%2Fv2%2Fmedia&parent=4080"}],"wp:term":[{"taxonomy":"category","embeddable":true,"href":"https:\/\/spd-stadtrat.de\/index.php?rest_route=%2Fwp%2Fv2%2Fcategories&post=4080"},{"taxonomy":"post_tag","embeddable":true,"href":"https:\/\/spd-stadtrat.de\/index.php?rest_route=%2Fwp%2Fv2%2Ftags&post=4080"}],"curies":[{"name":"wp","href":"https:\/\/api.w.org\/{rel}","templated":true}]}}