{"id":4505,"date":"2020-06-23T08:33:03","date_gmt":"2020-06-23T06:33:03","guid":{"rendered":"http:\/\/spd-stadtrat.de\/?p=4505"},"modified":"2020-06-23T08:33:04","modified_gmt":"2020-06-23T06:33:04","slug":"verbesserte-verknuepfung-von-angeboten-in-der-pflege-durch-pflegestuetzpunkt","status":"publish","type":"post","link":"https:\/\/spd-stadtrat.de\/?p=4505","title":{"rendered":"Verbesserte Verkn\u00fcpfung von Angeboten in der Pflege durch Pflegest\u00fctzpunkt"},"content":{"rendered":"\n<p class=\"has-text-align-right\">Regensburg, 22.06.2020<\/p>\n\n\n\n<p><strong>SPD-Fraktion freut sich \u00fcber einstimmigen Beschluss im Ausschuss f\u00fcr Soziales<\/strong><\/p>\n\n\n\n<p>Der Ausschuss f\u00fcr Soziales unterst\u00fctzte einstimmig die Einrichtung eines Pflegest\u00fctzpunktes. \u201eDie Planungen zu der\u00a0 Einrichtung des Pflegest\u00fctzpunktes sind sehr begr\u00fc\u00dfenswert. Dies unterst\u00fctzt im beim Seniorenamt wirkungsvoll die Verkn\u00fcpfung der vorhandenen Beratungs- und Hilfsangebote, wie beispielsweise\u00a0 das Kompetenzzentrum \u00c4lterwerden, den Allgemeinen Sozialdienst oder das Projektb\u00fcro \u201eSelbstbestimmt im Alter\u201c, freut sich Stadtr\u00e4tin Evelyn Kolbe-Stockert, Ausschusssprecherin der SPD-Fraktion: \u201eLeider sind die vielseitigen schon bestehenden Beratungsangebote den Ratsuchenden oftmals nicht bekannt. \u201c Ein zentraler Ansprechpartner, der die verschiedenen Leistungen im Pflegebereich b\u00fcndelt, f\u00fcr Fragen rund um das Thema Pflege und Gesundheit sowie Hilfen im Alter da ist, ist deshalb eine entscheidende Verbesserung.<\/p>\n\n\n\n<div class=\"wp-block-image\"><figure class=\"alignleft size-large is-resized\"><img loading=\"lazy\" src=\"http:\/\/spd-stadtrat.de\/wp-content\/uploads\/2020\/06\/PM_Pflegest\u00fctzpunkt-1024x678.jpg\" alt=\"\" class=\"wp-image-4504\" width=\"322\" height=\"213\" srcset=\"https:\/\/spd-stadtrat.de\/wp-content\/uploads\/2020\/06\/PM_Pflegest\u00fctzpunkt-1024x678.jpg 1024w, https:\/\/spd-stadtrat.de\/wp-content\/uploads\/2020\/06\/PM_Pflegest\u00fctzpunkt-300x199.jpg 300w, https:\/\/spd-stadtrat.de\/wp-content\/uploads\/2020\/06\/PM_Pflegest\u00fctzpunkt-768x509.jpg 768w, https:\/\/spd-stadtrat.de\/wp-content\/uploads\/2020\/06\/PM_Pflegest\u00fctzpunkt-600x397.jpg 600w, https:\/\/spd-stadtrat.de\/wp-content\/uploads\/2020\/06\/PM_Pflegest\u00fctzpunkt.jpg 1285w\" sizes=\"(max-width: 322px) 100vw, 322px\" \/><figcaption>Besserer Zugang zu zielgerichteter und effektiver Unterst\u00fctzung<\/figcaption><\/figure><\/div>\n\n\n\n<p>&nbsp;\u201eNicht nur deutschlandweit, sondern auch bei uns in Regensburg ist in den letzten Jahren die Anzahl der pflegebed\u00fcrftigen Personen sehr gestiegen\u201c, f\u00fchrt Kolbe-Stockert weiter aus. Viele Menschen erreichten ein hohes Alter einhergehend mit Gesundheitseinbu\u00dfen und zum Teil auch mit&nbsp; Pflegebed\u00fcrftigkeit. Sollte sich dies weiter so entwickeln, d\u00fcrften die geburtenstarken Jahrg\u00e4nge aus den 50er- und 60er-Jahren&nbsp; zu einem weiteren&nbsp; erh\u00f6hten Pflegebedarf f\u00fchren, sobald&nbsp; diese ebenfalls das entsprechende Alter erreichen haben.&nbsp; Und nachdem sich&nbsp; die Lebensformen ver\u00e4nderten, die Einpersonenhaushalte immer mehr zun\u00e4hmen, m\u00fcssten andere Unterst\u00fctzungsformen angedacht werden.<\/p>\n\n\n\n<p>Zielgruppe des Angebotes sind gem\u00e4\u00df der Beschlussvorlage Personen jeden Alters, die pflegebed\u00fcrftig sind oder von der Pflegebed\u00fcrftigkeit bedroht sind, aber auch professionelle Anbieter wie Pflegedienste, Pflegeheime, Arztpraxen oder Klinik-Sozialdienste. Die Mitarbeiterinnen und Mitarbeiter des geplanten Pflegest\u00fctzpunktes k\u00f6nnen von den Betroffenen selbst oder deren pflegen Angeh\u00f6rigen um Rat gefragt werden am Telefon, im pers\u00f6nlichen Gespr\u00e4chen in den Beratungsstellen oder bei Bedarf auch im Rahmen von Hausbesuchen. Immer ist dabei handlungsleitend die Selbstbestimmtheit der Betroffenen.<\/p>\n\n\n\n<p>SPD-Fraktionsvorsitzender Dr. Thomas Burger&nbsp; weist in diesem Zusammenhang auf die Kostenlosigkeit und Freiwilligkeit des geplanten Angebotes hin und freut sich \u00fcber diesen weiteren geplanten Schritt zu einer effektiveren und effizienteren Versorgung der Pflege-und Hilfebed\u00fcrftigen in Regensburg: \u201eDie Ma\u00dfnahme wurde im Ausschuss \u00fcber alle Parteigrenzen hinweg begr\u00fc\u00dft. Dies ist ein weiteres gutes Zeichen, dass in Regensburg der Stadtrat bei solchen Themen an einem Strang zieht.\u201c<\/p>\n","protected":false},"excerpt":{"rendered":"<p>Regensburg, 22.06.2020 SPD-Fraktion freut sich \u00fcber einstimmigen Beschluss im Ausschuss f\u00fcr Soziales Der Ausschuss f\u00fcr Soziales unterst\u00fctzte einstimmig die Einrichtung eines Pflegest\u00fctzpunktes. \u201eDie Planungen zu der\u00a0 Einrichtung des Pflegest\u00fctzpunktes sind sehr begr\u00fc\u00dfenswert. Dies unterst\u00fctzt im beim Seniorenamt wirkungsvoll die Verkn\u00fcpfung<\/p>\n","protected":false},"author":6,"featured_media":4504,"comment_status":"closed","ping_status":"open","sticky":false,"template":"","format":"standard","meta":{"ngg_post_thumbnail":0},"categories":[1],"tags":[],"jetpack_featured_media_url":"https:\/\/spd-stadtrat.de\/wp-content\/uploads\/2020\/06\/PM_Pflegest\u00fctzpunkt.jpg","_links":{"self":[{"href":"https:\/\/spd-stadtrat.de\/index.php?rest_route=\/wp\/v2\/posts\/4505"}],"collection":[{"href":"https:\/\/spd-stadtrat.de\/index.php?rest_route=\/wp\/v2\/posts"}],"about":[{"href":"https:\/\/spd-stadtrat.de\/index.php?rest_route=\/wp\/v2\/types\/post"}],"author":[{"embeddable":true,"href":"https:\/\/spd-stadtrat.de\/index.php?rest_route=\/wp\/v2\/users\/6"}],"replies":[{"embeddable":true,"href":"https:\/\/spd-stadtrat.de\/index.php?rest_route=%2Fwp%2Fv2%2Fcomments&post=4505"}],"version-history":[{"count":3,"href":"https:\/\/spd-stadtrat.de\/index.php?rest_route=\/wp\/v2\/posts\/4505\/revisions"}],"predecessor-version":[{"id":4508,"href":"https:\/\/spd-stadtrat.de\/index.php?rest_route=\/wp\/v2\/posts\/4505\/revisions\/4508"}],"wp:featuredmedia":[{"embeddable":true,"href":"https:\/\/spd-stadtrat.de\/index.php?rest_route=\/wp\/v2\/media\/4504"}],"wp:attachment":[{"href":"https:\/\/spd-stadtrat.de\/index.php?rest_route=%2Fwp%2Fv2%2Fmedia&parent=4505"}],"wp:term":[{"taxonomy":"category","embeddable":true,"href":"https:\/\/spd-stadtrat.de\/index.php?rest_route=%2Fwp%2Fv2%2Fcategories&post=4505"},{"taxonomy":"post_tag","embeddable":true,"href":"https:\/\/spd-stadtrat.de\/index.php?rest_route=%2Fwp%2Fv2%2Ftags&post=4505"}],"curies":[{"name":"wp","href":"https:\/\/api.w.org\/{rel}","templated":true}]}}