{"id":4514,"date":"2020-06-26T09:55:00","date_gmt":"2020-06-26T07:55:00","guid":{"rendered":"http:\/\/spd-stadtrat.de\/?p=4514"},"modified":"2020-06-26T09:50:51","modified_gmt":"2020-06-26T07:50:51","slug":"die-zeit-der-leeren-einkaufskoerbe-soll-bald-der-vergangenheit-angehoeren","status":"publish","type":"post","link":"https:\/\/spd-stadtrat.de\/?p=4514","title":{"rendered":"Die Zeit der leeren Einkaufsk\u00f6rbe soll bald der Vergangenheit angeh\u00f6ren!"},"content":{"rendered":"\n<p class=\"has-text-align-right\">Regensburg,  26.06.2020<\/p>\n\n\n\n<p>Stadtr\u00e4tin Evelyn Kolbe-Stockert und der SPD-Ortsverein S\u00fcdosten-Kasernenviertel fordern Wochenmarkt im Nibelungenareal<\/p>\n\n\n\n<p>Einen gro\u00dfen Schritt weitergekommen ist Stadtr\u00e4tin Evelyn Kolbe-Stockert zusammen mit dem SPD-Ortsverein S\u00fcdosten-Kasernenviertel im Einsatz f\u00fcr einen Wochenmarkt im Nibelungenareal. Der Ausschuss f\u00fcr Verwaltung, Finanzen und Beteiligungen hat einstimmig f\u00fcr die Erarbeitung eines Wochenmarktkonzepts f\u00fcr Regensburg gestimmt. Grundlage war ein Antrag der Stadtratskoalition aus der letzten Periode, der federf\u00fchrend von der SPD-Fraktion eingebracht und von der \u00f6rtlichen SPD ma\u00dfgeblich angesto\u00dfen wurde.<\/p>\n\n\n\n<figure class=\"wp-block-image size-large is-resized\"><img loading=\"lazy\" src=\"https:\/\/spd-stadtrat.de\/wp-content\/uploads\/2020\/06\/Foto-Wochenmarkt-im-Nibelungenareal-1024x768.jpg\" alt=\"\" class=\"wp-image-4515\" width=\"352\" height=\"264\" srcset=\"https:\/\/spd-stadtrat.de\/wp-content\/uploads\/2020\/06\/Foto-Wochenmarkt-im-Nibelungenareal-1024x768.jpg 1024w, https:\/\/spd-stadtrat.de\/wp-content\/uploads\/2020\/06\/Foto-Wochenmarkt-im-Nibelungenareal-300x225.jpg 300w, https:\/\/spd-stadtrat.de\/wp-content\/uploads\/2020\/06\/Foto-Wochenmarkt-im-Nibelungenareal-768x576.jpg 768w, https:\/\/spd-stadtrat.de\/wp-content\/uploads\/2020\/06\/Foto-Wochenmarkt-im-Nibelungenareal-600x450.jpg 600w, https:\/\/spd-stadtrat.de\/wp-content\/uploads\/2020\/06\/Foto-Wochenmarkt-im-Nibelungenareal-1536x1152.jpg 1536w, https:\/\/spd-stadtrat.de\/wp-content\/uploads\/2020\/06\/Foto-Wochenmarkt-im-Nibelungenareal.jpg 1616w\" sizes=\"(max-width: 352px) 100vw, 352px\" \/><figcaption>Evelyn Kolbe-Stockert (li) und Mitglieder des SPD Ortsvereins-S\u00fcdosten-Kasernen<\/figcaption><\/figure>\n\n\n\n<p>Aus der Bev\u00f6lkerung wurde immer \u00f6fter der Wunsch nach einem Wochenmarkt im Stadtteil an die SPD herangetragen. Auf dem Gel\u00e4nde der ehemaligen Nibelungenkaserne ist ein verdichtetes Neubaugebiet entstanden, in dem sich die dringend erforderlichen Einkaufsm\u00f6glichkeiten noch immer im Dornr\u00f6schenschlaf befinden.<\/p>\n\n\n\n<p>Die SPD in Regensburg ist sich darin einig, dass f\u00fcr die Menschen im ehemaligen Nibelungenkasernenareal die fu\u00dfl\u00e4ufige Erreichbarkeit von Einkaufsm\u00f6glichkeiten sehr wichtig ist. \u201eNeben einem Neubau eines Vollsortimenters im Nibelungenareal braucht es auch einen Ort, an dem Menschen zusammenkommen und regionale Lebensmittel erwerben k\u00f6nnen\u201c, so Kolbe-Stockert. \u201eZudem bietet der Markt regionalen Anbietern eine weitere M\u00f6glichkeit, ihr Angebot zu vermarkten\u201c, f\u00fchrte der Fraktionsvorsitzende Dr.&nbsp;Thomas Burger in der Ausschusssitzung aus: \u201eAus der Region f\u00fcr die Region.\u201c<\/p>\n\n\n\n<p>Da in dem Quartier auch Wohneinheiten durch die Lebenshilfe, den Verein \u201eZweites Leben\u201c und die Genossenschaft \u201eW.I.R. Wohnen Inklusiv Regensburg\u201c entstanden sind, k\u00f6nnte der Markt auch zu einem Treffpunkt f\u00fcr alle werden, um Inklusion und Zusammenhalt weiter zu entwickeln und zu leben.<\/p>\n\n\n\n<p>Das Gel\u00e4nde am ehemaligen Offizierskasino w\u00e4re dabei aus Sicht der \u00f6rtlichen SPD ein guter Platz, um diese Idee umzusetzen.<\/p>\n","protected":false},"excerpt":{"rendered":"<p>Regensburg, 26.06.2020 Stadtr\u00e4tin Evelyn Kolbe-Stockert und der SPD-Ortsverein S\u00fcdosten-Kasernenviertel fordern Wochenmarkt im Nibelungenareal Einen gro\u00dfen Schritt weitergekommen ist Stadtr\u00e4tin Evelyn Kolbe-Stockert zusammen mit dem SPD-Ortsverein S\u00fcdosten-Kasernenviertel im Einsatz f\u00fcr einen Wochenmarkt im Nibelungenareal. Der Ausschuss f\u00fcr Verwaltung, Finanzen und Beteiligungen<\/p>\n","protected":false},"author":6,"featured_media":0,"comment_status":"closed","ping_status":"open","sticky":false,"template":"","format":"standard","meta":{"ngg_post_thumbnail":0},"categories":[1],"tags":[],"jetpack_featured_media_url":"","_links":{"self":[{"href":"https:\/\/spd-stadtrat.de\/index.php?rest_route=\/wp\/v2\/posts\/4514"}],"collection":[{"href":"https:\/\/spd-stadtrat.de\/index.php?rest_route=\/wp\/v2\/posts"}],"about":[{"href":"https:\/\/spd-stadtrat.de\/index.php?rest_route=\/wp\/v2\/types\/post"}],"author":[{"embeddable":true,"href":"https:\/\/spd-stadtrat.de\/index.php?rest_route=\/wp\/v2\/users\/6"}],"replies":[{"embeddable":true,"href":"https:\/\/spd-stadtrat.de\/index.php?rest_route=%2Fwp%2Fv2%2Fcomments&post=4514"}],"version-history":[{"count":4,"href":"https:\/\/spd-stadtrat.de\/index.php?rest_route=\/wp\/v2\/posts\/4514\/revisions"}],"predecessor-version":[{"id":4525,"href":"https:\/\/spd-stadtrat.de\/index.php?rest_route=\/wp\/v2\/posts\/4514\/revisions\/4525"}],"wp:attachment":[{"href":"https:\/\/spd-stadtrat.de\/index.php?rest_route=%2Fwp%2Fv2%2Fmedia&parent=4514"}],"wp:term":[{"taxonomy":"category","embeddable":true,"href":"https:\/\/spd-stadtrat.de\/index.php?rest_route=%2Fwp%2Fv2%2Fcategories&post=4514"},{"taxonomy":"post_tag","embeddable":true,"href":"https:\/\/spd-stadtrat.de\/index.php?rest_route=%2Fwp%2Fv2%2Ftags&post=4514"}],"curies":[{"name":"wp","href":"https:\/\/api.w.org\/{rel}","templated":true}]}}