{"id":4531,"date":"2020-06-30T12:46:00","date_gmt":"2020-06-30T10:46:00","guid":{"rendered":"http:\/\/spd-stadtrat.de\/?p=4531"},"modified":"2020-06-30T11:47:42","modified_gmt":"2020-06-30T09:47:42","slug":"rechtzeitig-fuer-den-urlaub-daheim-kinder-jugendliche-und-studenten-gehen-kostenfrei-ins-historische-museum","status":"publish","type":"post","link":"https:\/\/spd-stadtrat.de\/?p=4531","title":{"rendered":"Rechtzeitig f\u00fcr den Urlaub daheim; Kinder, Jugendliche und Studenten gehen kostenfrei ins Historische Museum"},"content":{"rendered":"\n<p class=\"has-text-align-right\">Regensburg, 30.06.2020<\/p>\n\n\n\n<figure class=\"wp-block-image size-large is-resized\"><img loading=\"lazy\" src=\"https:\/\/spd-stadtrat.de\/wp-content\/uploads\/2020\/06\/Museum-B-R-KS-1q-1024x835.jpg\" alt=\"\" class=\"wp-image-4539\" width=\"353\" height=\"288\" srcset=\"https:\/\/spd-stadtrat.de\/wp-content\/uploads\/2020\/06\/Museum-B-R-KS-1q-1024x835.jpg 1024w, https:\/\/spd-stadtrat.de\/wp-content\/uploads\/2020\/06\/Museum-B-R-KS-1q-300x244.jpg 300w, https:\/\/spd-stadtrat.de\/wp-content\/uploads\/2020\/06\/Museum-B-R-KS-1q-768x626.jpg 768w, https:\/\/spd-stadtrat.de\/wp-content\/uploads\/2020\/06\/Museum-B-R-KS-1q-600x489.jpg 600w, https:\/\/spd-stadtrat.de\/wp-content\/uploads\/2020\/06\/Museum-B-R-KS-1q-1536x1252.jpg 1536w, https:\/\/spd-stadtrat.de\/wp-content\/uploads\/2020\/06\/Museum-B-R-KS-1q-2048x1669.jpg 2048w\" sizes=\"(max-width: 353px) 100vw, 353px\" \/><figcaption>Die kulturpolitische Sprecherin Evelyn Kolbe-Stockert freut sich mit ihrem Ausschusskollegen Dr. Klaus Rappert und Fraktionsvorsitzendem Dr. Thomas Burger \u00fcber den freien Eintritt f\u00fcr Kinder, Jugendliche und Studenten<\/figcaption><\/figure>\n\n\n\n<p>\u00c4nderung der Eintrittspreise beim Historischen Museum und im Leeren Beutel<\/p>\n\n\n\n<p><strong>Der Kulturausschuss wird in dieser Woche die Eintrittspreise beim Historischen Museum und bei der St\u00e4dtischen Galerie im Leeren Beutel \u00e4ndern. Damit haben die Bem\u00fchungen unseres fr\u00fcheren Fraktionsmitglieds Margot Neuner erfolgreich Fr\u00fcchte getragen. Sie hat sich daf\u00fcr eingesetzt, die Museumsangebote insbesondere f\u00fcr junge Menschen attraktiver zu gestalten.<\/strong><\/p>\n\n\n\n<p>\u201eK\u00fcnftig ist der Eintritt im Historischen Museum f\u00fcr Kinder und Jugendliche bis 18 Jahren und f\u00fcr Sch\u00fclerInnen im Klassenverband und f\u00fcr Studierende bis 30 Jahren sowie in der St\u00e4dtischen Galerie Leerer Beutel f\u00fcr alle BesucherInnen frei\u201c, freut sich Stadtr\u00e4tin Evelyn Kolbe-Stockert, kulturpolitische Sprecherin der SPD-Fraktion.<\/p>\n\n\n\n<p>Damit sollen die Ausstellungsangebote unserer Museen f\u00fcr Schulklassen und Familien wie im Museum des Hauses der Bayerischen Geschichte kostenfrei ge\u00f6ffnet werden.<\/p>\n\n\n\n<p>\u201eAuf Initiative der SPD-Stadtratsfraktion wird die Neuregelung rechtzeitig zum Beginn der Sommerferien als Angebot f\u00fcr den Urlaub daheim nun schon am 01. August in Kraft treten\u201c, freut sich Fraktionsvorsitzender Dr. Burger.<\/p>\n\n\n\n<p>Regensburg ist sehenswert, und seine Museen sind es auch.<\/p>\n","protected":false},"excerpt":{"rendered":"<p>Regensburg, 30.06.2020 \u00c4nderung der Eintrittspreise beim Historischen Museum und im Leeren Beutel Der Kulturausschuss wird in dieser Woche die Eintrittspreise beim Historischen Museum und bei der St\u00e4dtischen Galerie im Leeren Beutel \u00e4ndern. Damit haben die Bem\u00fchungen unseres fr\u00fcheren Fraktionsmitglieds Margot<\/p>\n","protected":false},"author":6,"featured_media":0,"comment_status":"closed","ping_status":"open","sticky":false,"template":"","format":"standard","meta":{"ngg_post_thumbnail":0},"categories":[1],"tags":[],"jetpack_featured_media_url":"","_links":{"self":[{"href":"https:\/\/spd-stadtrat.de\/index.php?rest_route=\/wp\/v2\/posts\/4531"}],"collection":[{"href":"https:\/\/spd-stadtrat.de\/index.php?rest_route=\/wp\/v2\/posts"}],"about":[{"href":"https:\/\/spd-stadtrat.de\/index.php?rest_route=\/wp\/v2\/types\/post"}],"author":[{"embeddable":true,"href":"https:\/\/spd-stadtrat.de\/index.php?rest_route=\/wp\/v2\/users\/6"}],"replies":[{"embeddable":true,"href":"https:\/\/spd-stadtrat.de\/index.php?rest_route=%2Fwp%2Fv2%2Fcomments&post=4531"}],"version-history":[{"count":6,"href":"https:\/\/spd-stadtrat.de\/index.php?rest_route=\/wp\/v2\/posts\/4531\/revisions"}],"predecessor-version":[{"id":4540,"href":"https:\/\/spd-stadtrat.de\/index.php?rest_route=\/wp\/v2\/posts\/4531\/revisions\/4540"}],"wp:attachment":[{"href":"https:\/\/spd-stadtrat.de\/index.php?rest_route=%2Fwp%2Fv2%2Fmedia&parent=4531"}],"wp:term":[{"taxonomy":"category","embeddable":true,"href":"https:\/\/spd-stadtrat.de\/index.php?rest_route=%2Fwp%2Fv2%2Fcategories&post=4531"},{"taxonomy":"post_tag","embeddable":true,"href":"https:\/\/spd-stadtrat.de\/index.php?rest_route=%2Fwp%2Fv2%2Ftags&post=4531"}],"curies":[{"name":"wp","href":"https:\/\/api.w.org\/{rel}","templated":true}]}}