{"id":4551,"date":"2020-07-03T07:44:59","date_gmt":"2020-07-03T05:44:59","guid":{"rendered":"http:\/\/spd-stadtrat.de\/?p=4551"},"modified":"2020-07-03T07:45:00","modified_gmt":"2020-07-03T05:45:00","slug":"umruestung-der-busse-mit-schutzscheiben-fuer-den-busfahrdienst-fahrkartenverkauf-in-den-regensburger-bussen-startet-bald-wieder","status":"publish","type":"post","link":"https:\/\/spd-stadtrat.de\/?p=4551","title":{"rendered":"Umr\u00fcstung der Busse mit Schutzscheiben f\u00fcr den Busfahrdienst; Fahrkartenverkauf in den Regensburger Bussen startet bald wieder"},"content":{"rendered":"\n<p class=\"has-text-align-right\">Regensburg, 03.07.2020<\/p>\n\n\n\n<figure class=\"wp-block-image size-large is-resized\"><img loading=\"lazy\" src=\"https:\/\/spd-stadtrat.de\/wp-content\/uploads\/2020\/07\/Bus-1-1024x768.jpg\" alt=\"\" class=\"wp-image-4552\" width=\"344\" height=\"259\" srcset=\"https:\/\/spd-stadtrat.de\/wp-content\/uploads\/2020\/07\/Bus-1-1024x768.jpg 1024w, https:\/\/spd-stadtrat.de\/wp-content\/uploads\/2020\/07\/Bus-1-300x225.jpg 300w, https:\/\/spd-stadtrat.de\/wp-content\/uploads\/2020\/07\/Bus-1-768x576.jpg 768w, https:\/\/spd-stadtrat.de\/wp-content\/uploads\/2020\/07\/Bus-1-600x450.jpg 600w, https:\/\/spd-stadtrat.de\/wp-content\/uploads\/2020\/07\/Bus-1.jpg 1363w\" sizes=\"(max-width: 344px) 100vw, 344px\" \/><figcaption><em>Mehr Schutz f\u00fcr die Regensburger Busfahrerinnen und -fahrer und mehr Service f\u00fcr die Kundinnen und Kunden &#8211; Mit dem Einbau von Glasschutzscheiben kommt auch der Fahrkartenverkauf in die Busse zur\u00fcck.<\/em><\/figcaption><\/figure>\n\n\n\n<p>Auch in Regensburg werden mehr und mehr Busse mit Schutzscheiben f\u00fcr die Fahrerinnen und Fahrer ausger\u00fcstet. Im Laufe des Juli sollten dann ausreichend viele Busse entsprechend umger\u00fcstet worden sein, dass der Fahrkartenverkauf in den Bussen wieder starten k\u00f6nne. &#8222;Damit kehrt auch hier wieder ein St\u00fcck Normalit\u00e4t in unseren Alltag zur\u00fcck&#8220;, stellt der Vorsitzende der SPD-Stadtratsfraktion Dr. Thomas Burger fest: &#8222;Auch die spontane Busbenutzung ist dann wieder f\u00fcr alle m\u00f6glich, die gerade keine Fahrkarte zur Hand haben.&#8220;<\/p>\n\n\n\n<p>Nach Medienberichten \u00fcber die Nachr\u00fcstung von Bussen mit Hygieneschutzscheiben in anderen St\u00e4dten hat sich Dr. Burger bei Manfred Koller, dem Gesch\u00e4ftsf\u00fchrer von das Stadtwerk, nach dem aktuellen Stand in Regensburg erkundigt. Dabei hat er erfahren, dass bereits 40 der 120 Busse mit entsprechenden Glasscheiben nachger\u00fcstet worden seien. Bis Ende Juli sollten dann auch diejenigen Fahrzeuge nachger\u00fcstet werden, f\u00fcr die es keine Original-Glasschutzscheiben direkt vom Hersteller gibt. &#8222;Dies zeigt, dass sich das Stadtwerk nicht nur um den Schutz der Busfahrerinnen und -fahrer k\u00fcmmert, sondern auch um den Service f\u00fcr die Kundinnen und Kunden.&#8220;<\/p>\n","protected":false},"excerpt":{"rendered":"<p>Regensburg, 03.07.2020 Auch in Regensburg werden mehr und mehr Busse mit Schutzscheiben f\u00fcr die Fahrerinnen und Fahrer ausger\u00fcstet. Im Laufe des Juli sollten dann ausreichend viele Busse entsprechend umger\u00fcstet worden sein, dass der Fahrkartenverkauf in den Bussen wieder starten k\u00f6nne.<\/p>\n","protected":false},"author":6,"featured_media":0,"comment_status":"closed","ping_status":"open","sticky":false,"template":"","format":"standard","meta":{"ngg_post_thumbnail":0},"categories":[1],"tags":[],"jetpack_featured_media_url":"","_links":{"self":[{"href":"https:\/\/spd-stadtrat.de\/index.php?rest_route=\/wp\/v2\/posts\/4551"}],"collection":[{"href":"https:\/\/spd-stadtrat.de\/index.php?rest_route=\/wp\/v2\/posts"}],"about":[{"href":"https:\/\/spd-stadtrat.de\/index.php?rest_route=\/wp\/v2\/types\/post"}],"author":[{"embeddable":true,"href":"https:\/\/spd-stadtrat.de\/index.php?rest_route=\/wp\/v2\/users\/6"}],"replies":[{"embeddable":true,"href":"https:\/\/spd-stadtrat.de\/index.php?rest_route=%2Fwp%2Fv2%2Fcomments&post=4551"}],"version-history":[{"count":3,"href":"https:\/\/spd-stadtrat.de\/index.php?rest_route=\/wp\/v2\/posts\/4551\/revisions"}],"predecessor-version":[{"id":4555,"href":"https:\/\/spd-stadtrat.de\/index.php?rest_route=\/wp\/v2\/posts\/4551\/revisions\/4555"}],"wp:attachment":[{"href":"https:\/\/spd-stadtrat.de\/index.php?rest_route=%2Fwp%2Fv2%2Fmedia&parent=4551"}],"wp:term":[{"taxonomy":"category","embeddable":true,"href":"https:\/\/spd-stadtrat.de\/index.php?rest_route=%2Fwp%2Fv2%2Fcategories&post=4551"},{"taxonomy":"post_tag","embeddable":true,"href":"https:\/\/spd-stadtrat.de\/index.php?rest_route=%2Fwp%2Fv2%2Ftags&post=4551"}],"curies":[{"name":"wp","href":"https:\/\/api.w.org\/{rel}","templated":true}]}}