{"id":4557,"date":"2020-07-10T11:29:37","date_gmt":"2020-07-10T09:29:37","guid":{"rendered":"http:\/\/spd-stadtrat.de\/?p=4557"},"modified":"2020-07-10T11:32:54","modified_gmt":"2020-07-10T09:32:54","slug":"gegenseitiger-respekt-und-ruecksichtsvolles-miteinander-das-muss-auch-in-unseren-naherholungsflaechen-gelten","status":"publish","type":"post","link":"https:\/\/spd-stadtrat.de\/?p=4557","title":{"rendered":"Gegenseitiger Respekt und r\u00fccksichtsvolles Miteinander, das muss auch in unseren Naherholungsfl\u00e4chen gelten"},"content":{"rendered":"\n<p class=\"has-text-align-right\">Regensburg, 10.07.2020<\/p>\n\n\n\n<p class=\"has-text-align-left\">&#8222;Gegenseitiger Respekt und r\u00fccksichtsvolles Miteinander, das muss auch in unseren Naherholungsfl\u00e4chen gelten &#8211; und da geht es um weit mehr als um Nachbarschaft. Natur genie\u00dfen, das hat nichts mit Verm\u00fcllung und \u00fcberm\u00e4\u00dfigem n\u00e4chtlichen L\u00e4rm zu tun. Es wurde vieles probiert, leider ist nun ein deutlicheres Signal notwendig. Und leider bedeutet das &#8211; bevorzugt nicht f\u00fcr immer &#8211; auch eine Einschr\u00e4nkung f\u00fcr die vern\u00fcnftige Mehrheit. Aber letztendlich werden wieder ausgewogene Verh\u00e4ltnisse angestrebt, die auch der Mehrheit zugute kommen.&#8220; &#8211; Dr. Thomas Burger, Fraktionsvorsitzender<\/p>\n\n\n\n<div class=\"wp-block-image\"><figure class=\"aligncenter size-large is-resized\"><img loading=\"lazy\" src=\"https:\/\/spd-stadtrat.de\/wp-content\/uploads\/2020\/07\/image-1.png\" alt=\"\" class=\"wp-image-4562\" width=\"611\" height=\"313\" srcset=\"https:\/\/spd-stadtrat.de\/wp-content\/uploads\/2020\/07\/image-1.png 494w, https:\/\/spd-stadtrat.de\/wp-content\/uploads\/2020\/07\/image-1-300x154.png 300w\" sizes=\"(max-width: 611px) 100vw, 611px\" \/><\/figure><\/div>\n\n\n\n<p class=\"has-text-align-center\"><a rel=\"noreferrer noopener\" href=\"https:\/\/www.tvaktuell.com\/mediathek\/video\/regensburg-betretungsverbot-ab-22-uhr-am-grieser-spitz\/\" target=\"_blank\">TVAKTUELL.COM &#8211; Regensburg: Betretungsverbot ab 22 Uhr am Grieser Spitz?<\/a><\/p>\n\n\n\n<p><\/p>\n","protected":false},"excerpt":{"rendered":"<p>Regensburg, 10.07.2020 &#8222;Gegenseitiger Respekt und r\u00fccksichtsvolles Miteinander, das muss auch in unseren Naherholungsfl\u00e4chen gelten &#8211; und da geht es um weit mehr als um Nachbarschaft. Natur genie\u00dfen, das hat nichts mit Verm\u00fcllung und \u00fcberm\u00e4\u00dfigem n\u00e4chtlichen L\u00e4rm zu tun. Es wurde<\/p>\n","protected":false},"author":6,"featured_media":0,"comment_status":"closed","ping_status":"open","sticky":false,"template":"","format":"standard","meta":{"ngg_post_thumbnail":0},"categories":[1],"tags":[],"jetpack_featured_media_url":"","_links":{"self":[{"href":"https:\/\/spd-stadtrat.de\/index.php?rest_route=\/wp\/v2\/posts\/4557"}],"collection":[{"href":"https:\/\/spd-stadtrat.de\/index.php?rest_route=\/wp\/v2\/posts"}],"about":[{"href":"https:\/\/spd-stadtrat.de\/index.php?rest_route=\/wp\/v2\/types\/post"}],"author":[{"embeddable":true,"href":"https:\/\/spd-stadtrat.de\/index.php?rest_route=\/wp\/v2\/users\/6"}],"replies":[{"embeddable":true,"href":"https:\/\/spd-stadtrat.de\/index.php?rest_route=%2Fwp%2Fv2%2Fcomments&post=4557"}],"version-history":[{"count":8,"href":"https:\/\/spd-stadtrat.de\/index.php?rest_route=\/wp\/v2\/posts\/4557\/revisions"}],"predecessor-version":[{"id":4569,"href":"https:\/\/spd-stadtrat.de\/index.php?rest_route=\/wp\/v2\/posts\/4557\/revisions\/4569"}],"wp:attachment":[{"href":"https:\/\/spd-stadtrat.de\/index.php?rest_route=%2Fwp%2Fv2%2Fmedia&parent=4557"}],"wp:term":[{"taxonomy":"category","embeddable":true,"href":"https:\/\/spd-stadtrat.de\/index.php?rest_route=%2Fwp%2Fv2%2Fcategories&post=4557"},{"taxonomy":"post_tag","embeddable":true,"href":"https:\/\/spd-stadtrat.de\/index.php?rest_route=%2Fwp%2Fv2%2Ftags&post=4557"}],"curies":[{"name":"wp","href":"https:\/\/api.w.org\/{rel}","templated":true}]}}