{"id":4570,"date":"2020-07-15T07:01:48","date_gmt":"2020-07-15T05:01:48","guid":{"rendered":"http:\/\/spd-stadtrat.de\/?p=4570"},"modified":"2020-07-15T07:01:51","modified_gmt":"2020-07-15T05:01:51","slug":"belastungsfahrten-am-sallerner-berg-zur-vorbereitung-der-schulsanierung","status":"publish","type":"post","link":"https:\/\/spd-stadtrat.de\/?p=4570","title":{"rendered":"Belastungsfahrten am Sallerner Berg zur Vorbereitung der Schulsanierung"},"content":{"rendered":"\n<p class=\"has-text-align-right\">Regensburg, 15.07.2020<\/p>\n\n\n\n<p>\u201eWir nehmen die Sorgen der Anwohner ernst\u201c, betont Stadtrat Dr. Klaus Rappert. Deshalb hat die SPD-Stadtratsfraktion im Umfeld der Belastungsfahrten am Sallerner Berg die Oberb\u00fcrgermeisterin in einem Brief gebeten, die Anlieger \u00fcber die mit dem Neubau der Schule am Sallerner Berg notwendigen Ma\u00dfnahmen umfassend und zeitnah zu informieren.<\/p>\n\n\n\n<figure class=\"wp-block-image size-large is-resized\"><img loading=\"lazy\" src=\"https:\/\/spd-stadtrat.de\/wp-content\/uploads\/2020\/07\/Sallerner-Berg-PM-2020-07-1024x816.jpg\" alt=\"\" class=\"wp-image-4571\" width=\"352\" height=\"281\" srcset=\"https:\/\/spd-stadtrat.de\/wp-content\/uploads\/2020\/07\/Sallerner-Berg-PM-2020-07-1024x816.jpg 1024w, https:\/\/spd-stadtrat.de\/wp-content\/uploads\/2020\/07\/Sallerner-Berg-PM-2020-07-300x239.jpg 300w, https:\/\/spd-stadtrat.de\/wp-content\/uploads\/2020\/07\/Sallerner-Berg-PM-2020-07-768x612.jpg 768w, https:\/\/spd-stadtrat.de\/wp-content\/uploads\/2020\/07\/Sallerner-Berg-PM-2020-07-600x478.jpg 600w, https:\/\/spd-stadtrat.de\/wp-content\/uploads\/2020\/07\/Sallerner-Berg-PM-2020-07.jpg 1211w\" sizes=\"(max-width: 352px) 100vw, 352px\" \/><figcaption>Auch hier sorgen sich die Anwohner wegen der m\u00f6glichen Baustellenfahrten: Die Stra\u00dfe &#8222;Im Reichen Winkel&#8220;<\/figcaption><\/figure>\n\n\n\n<p>\u201eWir wollen die Bev\u00f6lkerung bei diesem f\u00fcr den Stadtteil wichtigen Projekt des Schulneubaues zu jeder Zeit mitnehmen\u201c, merkt Fraktionsvorsitzender Dr. Thomas Burger an.<\/p>\n\n\n\n<p>Die Stadt pr\u00fcft derzeit die f\u00fcr die Bauma\u00dfnahmen zum Neubau der Schule m\u00f6glichen Anfahrtsrouten f\u00fcr den Baustellenverkehr. Auch die von Anliegern ins Spiel gebrachte Baustra\u00dfe zur Chamer Stra\u00dfe m\u00fcsse in ihrer technischen Machbarkeit und in ihren Auswirkungen auf Flora und Fauna am Nordhang des Sallerner Bergs untersucht werden, so Stadtrat Dr. Rappert. Sollte die \u00dcberpr\u00fcfung aller Alternativen ergeben, dass der Weg \u00fcber die am vergangenn Wochenende getesteten Strecken verl\u00e4uft, setzt sich die SPD-Stadtratsfraktion daf\u00fcr ein, dass alle erforderlichen Vorsichtsma\u00dfnahmen, wie Geschwindigkeitsbegrenzungen und Dokumentation der Fahrten, bei der Baudurchf\u00fchrung ergriffen werden.<\/p>\n","protected":false},"excerpt":{"rendered":"<p>Regensburg, 15.07.2020 \u201eWir nehmen die Sorgen der Anwohner ernst\u201c, betont Stadtrat Dr. Klaus Rappert. Deshalb hat die SPD-Stadtratsfraktion im Umfeld der Belastungsfahrten am Sallerner Berg die Oberb\u00fcrgermeisterin in einem Brief gebeten, die Anlieger \u00fcber die mit dem Neubau der Schule<\/p>\n","protected":false},"author":6,"featured_media":0,"comment_status":"closed","ping_status":"open","sticky":false,"template":"","format":"standard","meta":{"ngg_post_thumbnail":0},"categories":[1],"tags":[],"jetpack_featured_media_url":"","_links":{"self":[{"href":"https:\/\/spd-stadtrat.de\/index.php?rest_route=\/wp\/v2\/posts\/4570"}],"collection":[{"href":"https:\/\/spd-stadtrat.de\/index.php?rest_route=\/wp\/v2\/posts"}],"about":[{"href":"https:\/\/spd-stadtrat.de\/index.php?rest_route=\/wp\/v2\/types\/post"}],"author":[{"embeddable":true,"href":"https:\/\/spd-stadtrat.de\/index.php?rest_route=\/wp\/v2\/users\/6"}],"replies":[{"embeddable":true,"href":"https:\/\/spd-stadtrat.de\/index.php?rest_route=%2Fwp%2Fv2%2Fcomments&post=4570"}],"version-history":[{"count":1,"href":"https:\/\/spd-stadtrat.de\/index.php?rest_route=\/wp\/v2\/posts\/4570\/revisions"}],"predecessor-version":[{"id":4572,"href":"https:\/\/spd-stadtrat.de\/index.php?rest_route=\/wp\/v2\/posts\/4570\/revisions\/4572"}],"wp:attachment":[{"href":"https:\/\/spd-stadtrat.de\/index.php?rest_route=%2Fwp%2Fv2%2Fmedia&parent=4570"}],"wp:term":[{"taxonomy":"category","embeddable":true,"href":"https:\/\/spd-stadtrat.de\/index.php?rest_route=%2Fwp%2Fv2%2Fcategories&post=4570"},{"taxonomy":"post_tag","embeddable":true,"href":"https:\/\/spd-stadtrat.de\/index.php?rest_route=%2Fwp%2Fv2%2Ftags&post=4570"}],"curies":[{"name":"wp","href":"https:\/\/api.w.org\/{rel}","templated":true}]}}