{"id":4583,"date":"2020-07-21T07:39:01","date_gmt":"2020-07-21T05:39:01","guid":{"rendered":"http:\/\/spd-stadtrat.de\/?p=4583"},"modified":"2020-07-21T08:03:16","modified_gmt":"2020-07-21T06:03:16","slug":"es-bewegt-sich-was-der-radverkehr-bleibt-weiterhin-top-thema-der-spd-stadtratsfraktion","status":"publish","type":"post","link":"https:\/\/spd-stadtrat.de\/?p=4583","title":{"rendered":"Es bewegt sich was &#8211; der Radverkehr bleibt weiterhin TOP-Thema der SPD-Stadtratsfraktion"},"content":{"rendered":"\n<p class=\"has-text-align-right\">Regensburg, 21.07.2020 <\/p>\n\n\n\n<p>Sichtbarstes Zeichen ist der neue \u00dcbergang f\u00fcr Fu\u00dfg\u00e4nger\/innen und Radfahrer\/innen an der Landshuter Stra\u00dfe Ecke Hornstra\u00dfe. Vor allem f\u00fcr die Grundschulkinder aus der Pestalozzischule erh\u00f6ht die zus\u00e4tzliche Ampel die Sicherheit. \u201eMich freut es, dass der SPD-Antrag Ert\u00fcchtigung des Knotens Hornstra\u00dfe\/Landshuter Stra\u00dfe jetzt umgesetzt wird\u201c meint Stadtr\u00e4tin Evelyn Kolbe-Stockert.<\/p>\n\n\n\n<figure class=\"wp-block-image size-large is-resized\"><img loading=\"lazy\" src=\"https:\/\/spd-stadtrat.de\/wp-content\/uploads\/2020\/07\/Foto-Fahrrad-Ost-1024x768.jpg\" alt=\"\" class=\"wp-image-4584\" width=\"386\" height=\"290\" srcset=\"https:\/\/spd-stadtrat.de\/wp-content\/uploads\/2020\/07\/Foto-Fahrrad-Ost-1024x768.jpg 1024w, https:\/\/spd-stadtrat.de\/wp-content\/uploads\/2020\/07\/Foto-Fahrrad-Ost-300x225.jpg 300w, https:\/\/spd-stadtrat.de\/wp-content\/uploads\/2020\/07\/Foto-Fahrrad-Ost-768x576.jpg 768w, https:\/\/spd-stadtrat.de\/wp-content\/uploads\/2020\/07\/Foto-Fahrrad-Ost-600x450.jpg 600w, https:\/\/spd-stadtrat.de\/wp-content\/uploads\/2020\/07\/Foto-Fahrrad-Ost.jpg 1212w\" sizes=\"(max-width: 386px) 100vw, 386px\" \/><figcaption>Hier sollen Radler*innen Vorrang erhalten. Stadtr\u00e4tin Evelyn Kolbe-Stockert und Mitglieder ihres Ortsvereins am geplanten \u00dcbergang an der Fort-Skelly Stra\u00dfe. <\/figcaption><\/figure>\n\n\n\n<p>Auch an anderen Stellen sind Politik und Verwaltung dran. So sollen in der Fort-Skelly Stra\u00dfe und bei der Querung am Safferlinger Steg in die Stra\u00dfen Erh\u00f6hungen eingebaut werden, wie man sie von Flugh\u00e4fen oder Spielstra\u00dfen kennt. Diese sollen den Autofahrer*innen deutlich machen, dass dort eine Vielzahl von Radler*innen kreuzen. Hierdurch soll auch ein Vorrang von kreuzendem Radverkehr vor dem Autoverkehr geschaffen werden.<\/p>\n\n\n\n<p>\u201eBesonders die Stelle in der Fort-Skelly-Stra\u00dfe zeigt den Willen, Regensburg zu einer fahrradfreundlicheren Stadt zu machen\u201c, stellt der SPD-Ortsverein von Evelyn Kolbe-Stockert fest.<\/p>\n\n\n\n<p>Der an der Universit\u00e4t beginnende Fahrradweg ist Teil eines durchgehenden Radrings der derzeit von der Universit\u00e4t bis in den Stadtosten, am Nordende des Safferlingstegs entsteht.<\/p>\n\n\n\n<p>Nach der Fertigstellung wird diese Radverkehrsverbindung weitgehend stra\u00dfenunabh\u00e4ngig von der Universit\u00e4t durch den Brixenpark, vorbei am Freizeitgel\u00e4nde beim Jugendzentrum Arena, entlang der Burgunderstra\u00dfe bis zur Landshuter Stra\u00dfe und weiter durch das jetzt neue geplante Gebiet der ehemaligen Prinz Leopold-Kaserne und entlang der Gleise bis zum Safferlingersteg f\u00fchren.<\/p>\n\n\n\n<p>Von dort gelangt man dann in den Regensburger Osten oder man f\u00e4hrt \u00fcber die Blumenstra\u00dfe und Hemauerstra\u00dfe in die Altstadt weiter.<\/p>\n\n\n\n<p>In der Burgunderstra\u00dfe auf H\u00f6he der Alfons-Auer-Stra\u00dfe kann man auf den Radlweg zur Bajuwarenstra\u00dfe abzweigen und erreicht \u00fcber Markomannestra\u00dfe und Lotte-Branz-Stra\u00dfe die Neubaugebiete in Burgweinting . Auf dieser Strecke quert man den neu angelegten Radlweg entlang der Autobahn A 3, der eine sehr sch\u00f6ne Wegeverbindung abseits der Stra\u00dfen darstellt.<\/p>\n\n\n\n<p>Schritt f\u00fcr Schritt gehen die Verbesserungen im Viertel voran und zeigen Wirkung.<\/p>\n\n\n\n<p>\u201eGern nimmt die SPD-Stadtratsfraktion auch Verbesserungsvorschl\u00e4ge und Anregungen der B\u00fcrgerinnen und B\u00fcrger auf, um das Angebot an Radwegen weiter zu optimieren,\u201c betont Fraktionsvorsitzender Dr. Thomas Burger<\/p>\n","protected":false},"excerpt":{"rendered":"<p>Regensburg, 21.07.2020 Sichtbarstes Zeichen ist der neue \u00dcbergang f\u00fcr Fu\u00dfg\u00e4nger\/innen und Radfahrer\/innen an der Landshuter Stra\u00dfe Ecke Hornstra\u00dfe. Vor allem f\u00fcr die Grundschulkinder aus der Pestalozzischule erh\u00f6ht die zus\u00e4tzliche Ampel die Sicherheit. \u201eMich freut es, dass der SPD-Antrag Ert\u00fcchtigung des<\/p>\n","protected":false},"author":6,"featured_media":0,"comment_status":"closed","ping_status":"open","sticky":false,"template":"","format":"standard","meta":{"ngg_post_thumbnail":0},"categories":[1],"tags":[],"jetpack_featured_media_url":"","_links":{"self":[{"href":"https:\/\/spd-stadtrat.de\/index.php?rest_route=\/wp\/v2\/posts\/4583"}],"collection":[{"href":"https:\/\/spd-stadtrat.de\/index.php?rest_route=\/wp\/v2\/posts"}],"about":[{"href":"https:\/\/spd-stadtrat.de\/index.php?rest_route=\/wp\/v2\/types\/post"}],"author":[{"embeddable":true,"href":"https:\/\/spd-stadtrat.de\/index.php?rest_route=\/wp\/v2\/users\/6"}],"replies":[{"embeddable":true,"href":"https:\/\/spd-stadtrat.de\/index.php?rest_route=%2Fwp%2Fv2%2Fcomments&post=4583"}],"version-history":[{"count":6,"href":"https:\/\/spd-stadtrat.de\/index.php?rest_route=\/wp\/v2\/posts\/4583\/revisions"}],"predecessor-version":[{"id":4590,"href":"https:\/\/spd-stadtrat.de\/index.php?rest_route=\/wp\/v2\/posts\/4583\/revisions\/4590"}],"wp:attachment":[{"href":"https:\/\/spd-stadtrat.de\/index.php?rest_route=%2Fwp%2Fv2%2Fmedia&parent=4583"}],"wp:term":[{"taxonomy":"category","embeddable":true,"href":"https:\/\/spd-stadtrat.de\/index.php?rest_route=%2Fwp%2Fv2%2Fcategories&post=4583"},{"taxonomy":"post_tag","embeddable":true,"href":"https:\/\/spd-stadtrat.de\/index.php?rest_route=%2Fwp%2Fv2%2Ftags&post=4583"}],"curies":[{"name":"wp","href":"https:\/\/api.w.org\/{rel}","templated":true}]}}