{"id":4611,"date":"2020-08-17T13:07:22","date_gmt":"2020-08-17T11:07:22","guid":{"rendered":"http:\/\/spd-stadtrat.de\/?p=4611"},"modified":"2020-08-17T13:07:23","modified_gmt":"2020-08-17T11:07:23","slug":"einbeziehung-von-alternativerschliessungen-fuer-den-schulneubau-am-sallerner-berg","status":"publish","type":"post","link":"https:\/\/spd-stadtrat.de\/?p=4611","title":{"rendered":"Einbeziehung von Alternativerschlie\u00dfungen f\u00fcr den Schulneubau am Sallerner Berg"},"content":{"rendered":"\n<p class=\"has-text-align-right\">Regensburg, 06.08.2020<\/p>\n\n\n\n<p>Oberb\u00fcrgermeisterin reagiert auf Schreiben der SPD-Fraktion \/ Stadtverwaltung sieht Anregungen aus der Bev\u00f6lkerung positiv \/ Burger: \u201eEs darf nicht das Sankt-Florian-Prinzip gelten.\u201c<\/p>\n\n\n\n<p><strong>\u201eDie Antwort der Oberb\u00fcrgermeisterin auf unseren Wunsch, mehrere Alternativen der Baustellenerschlie\u00dfung f\u00fcr den Neubau des Schulzentrums am Sallerner Berg zu pr\u00fcfen und die Bev\u00f6lkerung umfangreicher mitzunehmen, fiel sehr positiv aus\u201c, freut sich der SPD-Fraktionsvorsitzender Dr. Thomas Burger. Die Initiative ging von dessen Stellvertreter Dr. Klaus Rappert aus, der als \u00f6rtlicher Stadtrat einen besonders direkten Draht zu den Sorgen der Bev\u00f6lkerung im Stadtnorden hat und insbesondere nach der Durchf\u00fchrung der Belastungsfahrten dringenden Handlungsbedarf bei der Kommunikation gesehen hat.<\/strong><\/p>\n\n\n\n<figure class=\"wp-block-image size-large\"><img loading=\"lazy\" width=\"671\" height=\"445\" src=\"http:\/\/spd-stadtrat.de\/wp-content\/uploads\/2020\/08\/Sallerner-Berg-PM-2020-08-2.jpg\" alt=\"\" class=\"wp-image-4613\" srcset=\"https:\/\/spd-stadtrat.de\/wp-content\/uploads\/2020\/08\/Sallerner-Berg-PM-2020-08-2.jpg 671w, https:\/\/spd-stadtrat.de\/wp-content\/uploads\/2020\/08\/Sallerner-Berg-PM-2020-08-2-300x199.jpg 300w, https:\/\/spd-stadtrat.de\/wp-content\/uploads\/2020\/08\/Sallerner-Berg-PM-2020-08-2-600x398.jpg 600w\" sizes=\"(max-width: 671px) 100vw, 671px\" \/><figcaption><em>Die Baustellenerschlie\u00dfung f\u00fcr den geplanten Neubau des Schulzentrums am Sallerner Berg: Ein sensibles Thema, beim dem f\u00fcr die SPD-Fraktion auf eine gleichberechtigte Pr\u00fcfung der Alternativen wichtig ist<\/em><\/figcaption><\/figure>\n\n\n\n<p>\u201eAlternativerschlie\u00dfungen werden in die weiteren Planungen einflie\u00dfen, neben der Schulfamilie und den Anliegern werden auch interessierte B\u00fcrger und der Stadtrat \u00fcber die Ergebnisse der Untersuchungen informiert\u201c, so Rappert. Die Oberb\u00fcrgermeisterin betonte zudem, dass die Stadtverwaltung sehr dankbar \u00fcber die Anregungen und Erfahrungen der schon seit vielen Jahren am Sallerner Berg ans\u00e4ssigen B\u00fcrgerinnen und B\u00fcrger sei und sie in den weiteren Planungsprozess einbeziehe. \u201eDie Belastungsfahrten und die entsprechenden Untersuchungen zur Belastungsf\u00e4higkeit geben damit keine bereits gefallene Entscheidung \u00fcber die Baustellenerschlie\u00dfung wieder\u201c, betont Rappert. Dar\u00fcber hinaus k\u00e4men die Erkenntnisse hinsichtlich der Belastbarkeit der Stra\u00dfen allen Anliegern zu Gute, deren Grundst\u00fccke ausschlie\u00dflich \u00fcber die betroffenen Stra\u00dfen erreicht werden k\u00f6nnen. \u201eGenauso wenig gibt es durch die Pr\u00fcfung von Alternativerschlie\u00dfungen eine Festlegung auf andere Routen\u201c, unterstreicht Burger: \u201eEs darf nicht das Sankt-Florian-Prinzip gelten, deshalb m\u00fcssen verschiedene Alternativen gleichberechtigt gepr\u00fcft und gegeneinander abgewogen werden.\u201c<\/p>\n\n\n\n<p><\/p>\n","protected":false},"excerpt":{"rendered":"<p>Regensburg, 06.08.2020 Oberb\u00fcrgermeisterin reagiert auf Schreiben der SPD-Fraktion \/ Stadtverwaltung sieht Anregungen aus der Bev\u00f6lkerung positiv \/ Burger: \u201eEs darf nicht das Sankt-Florian-Prinzip gelten.\u201c \u201eDie Antwort der Oberb\u00fcrgermeisterin auf unseren Wunsch, mehrere Alternativen der Baustellenerschlie\u00dfung f\u00fcr den Neubau des Schulzentrums<\/p>\n","protected":false},"author":6,"featured_media":0,"comment_status":"closed","ping_status":"open","sticky":false,"template":"","format":"standard","meta":{"ngg_post_thumbnail":0},"categories":[1],"tags":[],"jetpack_featured_media_url":"","_links":{"self":[{"href":"https:\/\/spd-stadtrat.de\/index.php?rest_route=\/wp\/v2\/posts\/4611"}],"collection":[{"href":"https:\/\/spd-stadtrat.de\/index.php?rest_route=\/wp\/v2\/posts"}],"about":[{"href":"https:\/\/spd-stadtrat.de\/index.php?rest_route=\/wp\/v2\/types\/post"}],"author":[{"embeddable":true,"href":"https:\/\/spd-stadtrat.de\/index.php?rest_route=\/wp\/v2\/users\/6"}],"replies":[{"embeddable":true,"href":"https:\/\/spd-stadtrat.de\/index.php?rest_route=%2Fwp%2Fv2%2Fcomments&post=4611"}],"version-history":[{"count":4,"href":"https:\/\/spd-stadtrat.de\/index.php?rest_route=\/wp\/v2\/posts\/4611\/revisions"}],"predecessor-version":[{"id":4616,"href":"https:\/\/spd-stadtrat.de\/index.php?rest_route=\/wp\/v2\/posts\/4611\/revisions\/4616"}],"wp:attachment":[{"href":"https:\/\/spd-stadtrat.de\/index.php?rest_route=%2Fwp%2Fv2%2Fmedia&parent=4611"}],"wp:term":[{"taxonomy":"category","embeddable":true,"href":"https:\/\/spd-stadtrat.de\/index.php?rest_route=%2Fwp%2Fv2%2Fcategories&post=4611"},{"taxonomy":"post_tag","embeddable":true,"href":"https:\/\/spd-stadtrat.de\/index.php?rest_route=%2Fwp%2Fv2%2Ftags&post=4611"}],"curies":[{"name":"wp","href":"https:\/\/api.w.org\/{rel}","templated":true}]}}