{"id":4635,"date":"2020-09-07T07:25:54","date_gmt":"2020-09-07T05:25:54","guid":{"rendered":"http:\/\/spd-stadtrat.de\/?p=4635"},"modified":"2020-09-07T07:27:20","modified_gmt":"2020-09-07T05:27:20","slug":"solidaritaet-und-zusammenhalt-sind-das-gebot-der-stunde","status":"publish","type":"post","link":"https:\/\/spd-stadtrat.de\/?p=4635","title":{"rendered":"Solidarit\u00e4t und Zusammenhalt sind das Gebot der Stunde"},"content":{"rendered":"\n<p class=\"has-text-align-right\">Regensburg, 06.09.2020<\/p>\n\n\n\n<figure class=\"wp-block-image size-large is-resized\"><img loading=\"lazy\" src=\"http:\/\/spd-stadtrat.de\/wp-content\/uploads\/2020\/05\/2020-Burger-1024x768.jpg\" alt=\"\" class=\"wp-image-4182\" width=\"220\" height=\"165\" srcset=\"https:\/\/spd-stadtrat.de\/wp-content\/uploads\/2020\/05\/2020-Burger-1024x768.jpg 1024w, https:\/\/spd-stadtrat.de\/wp-content\/uploads\/2020\/05\/2020-Burger-300x225.jpg 300w, https:\/\/spd-stadtrat.de\/wp-content\/uploads\/2020\/05\/2020-Burger-768x576.jpg 768w, https:\/\/spd-stadtrat.de\/wp-content\/uploads\/2020\/05\/2020-Burger-600x450.jpg 600w, https:\/\/spd-stadtrat.de\/wp-content\/uploads\/2020\/05\/2020-Burger-1536x1152.jpg 1536w, https:\/\/spd-stadtrat.de\/wp-content\/uploads\/2020\/05\/2020-Burger-2048x1536.jpg 2048w\" sizes=\"(max-width: 220px) 100vw, 220px\" \/><figcaption><em>SPD-Fraktionsvorsitzender Dr.\u00a0Thomas Burger: &#8222;Das Miteinander wird auch in der Region Regensburg das st\u00e4rkste Gegenmittel gegen die Folgen der Corona-Krise sein.&#8220;<\/em><\/figcaption><\/figure>\n\n\n\n<p>SPD-Fraktionsvorsitzender Burger: &#8222;Das Miteinander wird auch in der Region Regensburg das st\u00e4rkste Gegenmittel gegen die Folgen der Corona-Krise sein.&#8220;<\/p>\n\n\n\n<p><strong>\u201eDie Auswirkungen der Corona-Krise versch\u00e4rfen sich in der Region Regensburg weiter. Inzwischen haben auch gr\u00f6\u00dfere Unternehmen einen teils dramatischen Arbeits\u00adplatzabbau angek\u00fcndigt&#8220;, so Dr. Thomas Burger, Vorsitzender der SPD-Stadtrats\u00adfrak\u00adtion. Als mit Abstand wichtigste Aufgabe der Politik f\u00fcr den Herbst betrach\u00adtet er daher, die unglaublich weitreichenden Folgen der Corona-Krise zu bew\u00e4ltigen.<\/strong><\/p>\n\n\n\n<p>&#8222;Der Zusammenhalt in unserer Gesellschaft muss gelingen, die Schere zwischen denen, wel\u00adche die gesamte Wucht dieser Krise noch nicht realisiert haben, und denen, welche sich mit existenziellen Problemen konfrontiert sehen, darf nicht weiter aufgehen&#8220;, unterstreicht Burger. Verschiedene betroffene Gruppierungen d\u00fcrften zudem nicht gegeneinander ausgespielt werden.<\/p>\n\n\n\n<p>Manche Unternehmen treffe die Krise zudem in einer besonderen Zeit des Umbruchs und des Wandels. &#8222;Allen Beteiligten kommt nun eine besondere Verant\u00adwortung zu, damit niemand verloren geht&#8220;, betont Burger. \u201eNur wenn Arbeitgeber, Arbeitnehmer, Gewerkschaften und Politik jetzt gemeinsam und miteinander besonders verantwortungs\u00adbewusst handeln, k\u00f6nnen wir eine gute Grundlage f\u00fcr eine positive Entwicklung nach der Krise legen.&#8220;<\/p>\n\n\n\n<p>Dabei d\u00fcrfe nicht au\u00dfer Acht gelassen werden, dass gerade die Arbeitnehmerinnen und Arbeitnehmer einen wesentlichen Anteil an den Unternehmenserfolgen der Vergangenheit hatten \u2013 \u00a0und so werde es auch in Zukunft wieder sein. Deshalb ist f\u00fcr Burger klar: &#8222;Es muss oberstes Ziel sein, eine m\u00f6glichst gro\u00dfe Mannschaft an Bord der Unternehmen zu halten, um nach der Krise wieder zusammen durchstarten zu k\u00f6nnen.&#8220;<\/p>\n","protected":false},"excerpt":{"rendered":"<p>Regensburg, 06.09.2020 SPD-Fraktionsvorsitzender Burger: &#8222;Das Miteinander wird auch in der Region Regensburg das st\u00e4rkste Gegenmittel gegen die Folgen der Corona-Krise sein.&#8220; \u201eDie Auswirkungen der Corona-Krise versch\u00e4rfen sich in der Region Regensburg weiter. Inzwischen haben auch gr\u00f6\u00dfere Unternehmen einen teils dramatischen<\/p>\n","protected":false},"author":6,"featured_media":0,"comment_status":"closed","ping_status":"open","sticky":false,"template":"","format":"standard","meta":{"ngg_post_thumbnail":0},"categories":[1],"tags":[],"jetpack_featured_media_url":"","_links":{"self":[{"href":"https:\/\/spd-stadtrat.de\/index.php?rest_route=\/wp\/v2\/posts\/4635"}],"collection":[{"href":"https:\/\/spd-stadtrat.de\/index.php?rest_route=\/wp\/v2\/posts"}],"about":[{"href":"https:\/\/spd-stadtrat.de\/index.php?rest_route=\/wp\/v2\/types\/post"}],"author":[{"embeddable":true,"href":"https:\/\/spd-stadtrat.de\/index.php?rest_route=\/wp\/v2\/users\/6"}],"replies":[{"embeddable":true,"href":"https:\/\/spd-stadtrat.de\/index.php?rest_route=%2Fwp%2Fv2%2Fcomments&post=4635"}],"version-history":[{"count":4,"href":"https:\/\/spd-stadtrat.de\/index.php?rest_route=\/wp\/v2\/posts\/4635\/revisions"}],"predecessor-version":[{"id":4639,"href":"https:\/\/spd-stadtrat.de\/index.php?rest_route=\/wp\/v2\/posts\/4635\/revisions\/4639"}],"wp:attachment":[{"href":"https:\/\/spd-stadtrat.de\/index.php?rest_route=%2Fwp%2Fv2%2Fmedia&parent=4635"}],"wp:term":[{"taxonomy":"category","embeddable":true,"href":"https:\/\/spd-stadtrat.de\/index.php?rest_route=%2Fwp%2Fv2%2Fcategories&post=4635"},{"taxonomy":"post_tag","embeddable":true,"href":"https:\/\/spd-stadtrat.de\/index.php?rest_route=%2Fwp%2Fv2%2Ftags&post=4635"}],"curies":[{"name":"wp","href":"https:\/\/api.w.org\/{rel}","templated":true}]}}