{"id":4677,"date":"2020-10-13T06:58:01","date_gmt":"2020-10-13T04:58:01","guid":{"rendered":"http:\/\/spd-stadtrat.de\/?p=4677"},"modified":"2020-10-13T06:58:03","modified_gmt":"2020-10-13T04:58:03","slug":"schule-kommt-schwimmbad-hoffentlich-auch","status":"publish","type":"post","link":"https:\/\/spd-stadtrat.de\/?p=4677","title":{"rendered":"Schule kommt, Schwimmbad hoffentlich auch!"},"content":{"rendered":"\n<p class=\"has-text-align-right\">Regensburg, 12.10.2020<\/p>\n\n\n\n<figure class=\"wp-block-image size-large is-resized\"><img loading=\"lazy\" src=\"https:\/\/spd-stadtrat.de\/wp-content\/uploads\/2020\/10\/image.png\" alt=\"\" class=\"wp-image-4678\" width=\"381\" height=\"286\" srcset=\"https:\/\/spd-stadtrat.de\/wp-content\/uploads\/2020\/10\/image.png 604w, https:\/\/spd-stadtrat.de\/wp-content\/uploads\/2020\/10\/image-300x225.png 300w, https:\/\/spd-stadtrat.de\/wp-content\/uploads\/2020\/10\/image-600x450.png 600w\" sizes=\"(max-width: 381px) 100vw, 381px\" \/><figcaption>Baustellenbesuch der SPD<\/figcaption><\/figure>\n\n\n\n<p>Allen Widrigkeiten zum Trotz bewegt sich im S\u00fcdosten Regensburgs einiges. \u201eMich freut es au\u00dferordentlich, dass im Investitionsprogramm des Bildungsausschusses am 14.10.2020 erstmals die dringend ben\u00f6tigte dreiz\u00fcgige Grundschule im Kasernenviertel auftaucht.\u201c, so SPD-Stadtr\u00e4tin Evelyn Kolbe-Stockert, die sich in den letzten Jahren f\u00fcr eine dritte Schule im Kasernenviertel stark gemacht hat. Mit den diesj\u00e4hrigen 88 Anmeldungen an der Grundschule am Napoleonstein und 66 Anmeldungen in der Pestalozzigrundschule, den beiden bisherigen Schulen im Viertel, ist der Bedarf an Grundschulpl\u00e4tzen unver\u00e4ndert hoch. \u201eDas ist auch wenig verwunderlich, da bei uns im Viertel in den letzten Jahren sehr viele Wohnungen entstanden sind und auch in den n\u00e4chsten Jahren noch weitere entstehen sollen.\u201c, stellt Renate Wienbreyer fest, die an der Pestalozzi Grundschule Lesepatenschaften organisiert. Diese Entwicklung zeigt, dass das Viertel weiterw\u00e4chst und auch f\u00fcr junge Familien attraktiv ist.<\/p>\n\n\n\n<p>Mit der Schule als Fixpunkt, dem neuen Wohnraum, der von der Stadt auf dem Gel\u00e4nde der ehemaligen Prinz-Leopold-Kaserne geschaffen wird und den Projekten im Rahmen des Programms \u201eSozialen Stadt\u201c entwickelt sich das Viertel in eine gute Richtung.<\/p>\n\n\n\n<p>Der neue Sportpark Ost mit dem angrenzenden Begegnungszentrum und dem gerade entstehenden Kinderhaus k\u00f6nnte einen baulichen Fixpunkt darstellen. \u201eDas bereits angedachte Hallenbad, f\u00fcr das sich die SPD und insbesondere der Ortsverein einsetzen, kann bei einer zeitnahen Umsetzung dem Viertel eine weitere positive Dynamik geben.\u201c, so Sebastian Kropp, Vorsitzender des SPD Ortsvereins S\u00fcdosten-Kasernenviertel, \u201ewichtig ist uns hierbei, dass bei dem Bau der \u00f6ffentlichen Geb\u00e4ude wie Hallenbad und Schule, auch die klimagerechte \u00f6ffentliche Verkehrsanbindung des Viertels mitgedacht wird.\u201c<\/p>\n\n\n\n<p>Positive Entwicklung in einem Viertel, das in den letzten Jahren enorm gewachsen ist. Vor allem das Zusammenspiel aus neuem Wohnraum, \u00f6ffentlichen R\u00e4umen wie der Schule und dem Begegnungszentrum und als Zuckerl der neue Sportpark Ost, machen diese Entwicklungen attraktiv: \u201eGerade als M\u00f6glichkeit der sportlichen Bet\u00e4tigung und sozialen Begegnung kann sich dieser Teil des Viertels positiv auf die Gesundheit der Menschen auswirken\u201c, meint Dr. Steffen Landgraf, stellvertretender Vorsitzender.<\/p>\n\n\n\n<p>Der SPD-Fraktionsvorsitzende Dr. Thomas Burger freut sich, dass die \u00f6rtliche SPD in ihrer Stellungnahme auch auf den Sportpark Ost und das damit verbundene Schwimmbad eingeht und unterst\u00fctzt dies: &#8222;Schlie\u00dflich handelt es sich hier um wichtiges Thema f\u00fcr die Regensburger SPD und der SPD-Fraktion, weshalb der Sportpark auch bereits im Wahlprogramm enthalten war.&#8220; Es gehe hierbei neben den verf\u00fcgbaren Wasserfl\u00e4chen und der F\u00f6rderung der Schwimmkompetenz auch um die so wichtige Stadtteilentwicklung im Regensburger Osten, die fortgef\u00fchrt werden m\u00fcsse. &#8222;Wichtig ist nun, vor dem Hintergrund der Krise verantwortungsbewusst ein tragf\u00e4higes st\u00e4dtisches Investitionsprogramm aufzustellen, ohne wichtige Themen einfach in G\u00e4nze beiseite zu legen. Eine durchaus herausfordernde Aufgabe.&#8220;<\/p>\n","protected":false},"excerpt":{"rendered":"<p>Regensburg, 12.10.2020 Allen Widrigkeiten zum Trotz bewegt sich im S\u00fcdosten Regensburgs einiges. \u201eMich freut es au\u00dferordentlich, dass im Investitionsprogramm des Bildungsausschusses am 14.10.2020 erstmals die dringend ben\u00f6tigte dreiz\u00fcgige Grundschule im Kasernenviertel auftaucht.\u201c, so SPD-Stadtr\u00e4tin Evelyn Kolbe-Stockert, die sich in den<\/p>\n","protected":false},"author":6,"featured_media":0,"comment_status":"closed","ping_status":"open","sticky":false,"template":"","format":"standard","meta":{"ngg_post_thumbnail":0},"categories":[1],"tags":[],"jetpack_featured_media_url":"","_links":{"self":[{"href":"https:\/\/spd-stadtrat.de\/index.php?rest_route=\/wp\/v2\/posts\/4677"}],"collection":[{"href":"https:\/\/spd-stadtrat.de\/index.php?rest_route=\/wp\/v2\/posts"}],"about":[{"href":"https:\/\/spd-stadtrat.de\/index.php?rest_route=\/wp\/v2\/types\/post"}],"author":[{"embeddable":true,"href":"https:\/\/spd-stadtrat.de\/index.php?rest_route=\/wp\/v2\/users\/6"}],"replies":[{"embeddable":true,"href":"https:\/\/spd-stadtrat.de\/index.php?rest_route=%2Fwp%2Fv2%2Fcomments&post=4677"}],"version-history":[{"count":4,"href":"https:\/\/spd-stadtrat.de\/index.php?rest_route=\/wp\/v2\/posts\/4677\/revisions"}],"predecessor-version":[{"id":4682,"href":"https:\/\/spd-stadtrat.de\/index.php?rest_route=\/wp\/v2\/posts\/4677\/revisions\/4682"}],"wp:attachment":[{"href":"https:\/\/spd-stadtrat.de\/index.php?rest_route=%2Fwp%2Fv2%2Fmedia&parent=4677"}],"wp:term":[{"taxonomy":"category","embeddable":true,"href":"https:\/\/spd-stadtrat.de\/index.php?rest_route=%2Fwp%2Fv2%2Fcategories&post=4677"},{"taxonomy":"post_tag","embeddable":true,"href":"https:\/\/spd-stadtrat.de\/index.php?rest_route=%2Fwp%2Fv2%2Ftags&post=4677"}],"curies":[{"name":"wp","href":"https:\/\/api.w.org\/{rel}","templated":true}]}}