{"id":4688,"date":"2020-10-19T08:23:00","date_gmt":"2020-10-19T06:23:00","guid":{"rendered":"http:\/\/spd-stadtrat.de\/?p=4688"},"modified":"2020-10-19T08:23:01","modified_gmt":"2020-10-19T06:23:01","slug":"herzlichen-glueckwunsch-spd-fraktion-gratulierte-stadtraetin-a-d-margot-neuner-zum-runden-geburtstag","status":"publish","type":"post","link":"https:\/\/spd-stadtrat.de\/?p=4688","title":{"rendered":"Herzlichen Gl\u00fcckwunsch: SPD-Fraktion gratulierte Stadtr\u00e4tin a.D. Margot Neuner zum runden Geburtstag"},"content":{"rendered":"\n<p class=\"has-text-align-right\">Regenburg,  16.10.2020<\/p>\n\n\n\n<p>Margot Neuner, die Grande Dame der Regensburger SPD, feierte vor wenigen Tagen einen runden Geburtstag. Zu diesem Anlass gratulierte die SPD-Stadtratsfraktion ihrem ehemaligen und langj\u00e4hrigen Mitglied sehr herzlich. Oberb\u00fcrgermeisterin Gertrud Maltz-Schwarzfischer und die stellvertretende Fraktionsvorsitzende Evelyn Kolbe-Stockert \u00fcberbrachten die Gl\u00fcckw\u00fcnsche pers\u00f6nlich.<\/p>\n\n\n\n<figure class=\"wp-block-image size-large is-resized\"><img loading=\"lazy\" src=\"http:\/\/spd-stadtrat.de\/wp-content\/uploads\/2015\/03\/Neuner.jpg\" alt=\"Margot Neuner\" class=\"wp-image-109\" width=\"244\" height=\"335\" srcset=\"https:\/\/spd-stadtrat.de\/wp-content\/uploads\/2015\/03\/Neuner.jpg 561w, https:\/\/spd-stadtrat.de\/wp-content\/uploads\/2015\/03\/Neuner-218x300.jpg 218w\" sizes=\"(max-width: 244px) 100vw, 244px\" \/><figcaption>Margot Neuner<\/figcaption><\/figure>\n\n\n\n<p>Margot Neuner, aufgewachsen in Bamberg, kam 1960 nach Regensburg und fand kurz darauf den Weg in die SPD. Im Jahr 1978 wurde sie erstmals in den Stadtrat gew\u00e4hlt, dem sie schlie\u00dflich bis 42 Jahre, bis 2020 angeh\u00f6rte. Ihr Einsatz und ihr Engagement brachten ihr Wertsch\u00e4tzung weit \u00fcber Parteigrenzen hinaus bei B\u00fcrgerinnen und B\u00fcrgern ein.<\/p>\n\n\n\n<p>Ihre politischen Arbeitsschwerpunkte lagen in erster Linie in der Kultur-, Familien und Sozialpolitik. Auch das Evangelische Regenburg lag ihr als Mitglied des Ausschusses der Evangelischen Wohlt\u00e4tigkeitsstiftung stets am Herzen.<\/p>\n\n\n\n<p>Ein gro\u00dfes Anliegen war ihr die Chancengleichheit von Frauen. Sie hat ma\u00dfgeblich dazu beigetragen, dass Anfang der 90-er Jahre eine hauptamtliche Gleichstellungsstelle bei der Stadt Regensburg eingerichtet wurde.<\/p>\n\n\n\n<p>Auch an der Erarbeitung des Frauenf\u00f6rderplans wirkte sie tatkr\u00e4ftig mit.<\/p>\n\n\n\n<p>Sie war Mitinitiatorin f\u00fcr das von der Stadt ins Leben gerufene Besuchsprogramm f\u00fcr ehemalige j\u00fcdische Mitb\u00fcrgerinnen und Mitb\u00fcrger. Mit gro\u00dfem Einsatz erreichte sie, dass zumindest ein Teil der Frauen und M\u00e4nner, denen in der NS-Zeit gro\u00dfes Unrecht widerfahren war, noch einmal nach Regenburg zur\u00fcckkehren und sich davon \u00fcberzeugen konnten, dass unsere Stadt sich ver\u00e4ndert hat und mit dem damaligen Regensburg nichts mehr gemeinsam hat.<\/p>\n\n\n\n<p>Als Sprecherin der SPD im Kulturauschuss gestaltete sie die Kulturpolitik \u00fcber eineinhalb Jahrzehnte aktiv mit und setzte sich f\u00fcr die Anliegen von K\u00fcnstlerinnen, K\u00fcnstlern und Kulturschaffenden ein.<\/p>\n\n\n\n<p>Neben ihrer Stadtratst\u00e4tigkeit fand sie noch Zeit, sich in zahlreichen Regensburger Vereinen einzubringen. Das Evangelische Bildungswerk, die Arbeiterwohlfahrt, der Jazzclub und die Freunde der Sing- und Musikschule sind nur ein paar Beispiele hierf\u00fcr.<\/p>\n\n\n\n<p>Ihr kommunalpolitisches Wirken wurde durch die Verleihung der kommunalen Verdienstmedaille des Freistaats Bayern in Bronze und in Silber sowie durch die Auszeichnung mit der silbernen B\u00fcrgermedaille der Stadt Regensburg gew\u00fcrdigt.<\/p>\n\n\n\n<p>Margot Neuner hat sich um die Stadt Regensburg und ihre B\u00fcrgerinnen und B\u00fcrger verdient gemacht. Daf\u00fcr danken wir ihr herzlich und w\u00fcnschen noch sehr viele erf\u00fcllte Jahre.<\/p>\n","protected":false},"excerpt":{"rendered":"<p>Regenburg, 16.10.2020 Margot Neuner, die Grande Dame der Regensburger SPD, feierte vor wenigen Tagen einen runden Geburtstag. Zu diesem Anlass gratulierte die SPD-Stadtratsfraktion ihrem ehemaligen und langj\u00e4hrigen Mitglied sehr herzlich. Oberb\u00fcrgermeisterin Gertrud Maltz-Schwarzfischer und die stellvertretende Fraktionsvorsitzende Evelyn Kolbe-Stockert \u00fcberbrachten<\/p>\n","protected":false},"author":6,"featured_media":0,"comment_status":"closed","ping_status":"open","sticky":false,"template":"","format":"standard","meta":{"ngg_post_thumbnail":0},"categories":[1],"tags":[],"jetpack_featured_media_url":"","_links":{"self":[{"href":"https:\/\/spd-stadtrat.de\/index.php?rest_route=\/wp\/v2\/posts\/4688"}],"collection":[{"href":"https:\/\/spd-stadtrat.de\/index.php?rest_route=\/wp\/v2\/posts"}],"about":[{"href":"https:\/\/spd-stadtrat.de\/index.php?rest_route=\/wp\/v2\/types\/post"}],"author":[{"embeddable":true,"href":"https:\/\/spd-stadtrat.de\/index.php?rest_route=\/wp\/v2\/users\/6"}],"replies":[{"embeddable":true,"href":"https:\/\/spd-stadtrat.de\/index.php?rest_route=%2Fwp%2Fv2%2Fcomments&post=4688"}],"version-history":[{"count":2,"href":"https:\/\/spd-stadtrat.de\/index.php?rest_route=\/wp\/v2\/posts\/4688\/revisions"}],"predecessor-version":[{"id":4690,"href":"https:\/\/spd-stadtrat.de\/index.php?rest_route=\/wp\/v2\/posts\/4688\/revisions\/4690"}],"wp:attachment":[{"href":"https:\/\/spd-stadtrat.de\/index.php?rest_route=%2Fwp%2Fv2%2Fmedia&parent=4688"}],"wp:term":[{"taxonomy":"category","embeddable":true,"href":"https:\/\/spd-stadtrat.de\/index.php?rest_route=%2Fwp%2Fv2%2Fcategories&post=4688"},{"taxonomy":"post_tag","embeddable":true,"href":"https:\/\/spd-stadtrat.de\/index.php?rest_route=%2Fwp%2Fv2%2Ftags&post=4688"}],"curies":[{"name":"wp","href":"https:\/\/api.w.org\/{rel}","templated":true}]}}