{"id":4691,"date":"2020-10-19T14:25:37","date_gmt":"2020-10-19T12:25:37","guid":{"rendered":"http:\/\/spd-stadtrat.de\/?p=4691"},"modified":"2020-10-19T14:25:38","modified_gmt":"2020-10-19T12:25:38","slug":"freies-wlan-in-bussen-kommt-spd-vorstoss-aus-2016-traegt-endlich-fruechte","status":"publish","type":"post","link":"https:\/\/spd-stadtrat.de\/?p=4691","title":{"rendered":"Freies WLAN in Bussen kommt \u2013 SPD-Vorsto\u00df aus 2016 tr\u00e4gt endlich Fr\u00fcchte"},"content":{"rendered":"\n<p class=\"has-text-align-right\">Regensburg, 19.10.2020<\/p>\n\n\n\n<figure class=\"wp-block-image size-large is-resized\"><img loading=\"lazy\" src=\"https:\/\/spd-stadtrat.de\/wp-content\/uploads\/2020\/10\/close-up-phone-in-hands-with-wifi-symbol_small-1024x768.jpg\" alt=\"\" class=\"wp-image-4692\" width=\"247\" height=\"185\" srcset=\"https:\/\/spd-stadtrat.de\/wp-content\/uploads\/2020\/10\/close-up-phone-in-hands-with-wifi-symbol_small-1024x768.jpg 1024w, https:\/\/spd-stadtrat.de\/wp-content\/uploads\/2020\/10\/close-up-phone-in-hands-with-wifi-symbol_small-300x225.jpg 300w, https:\/\/spd-stadtrat.de\/wp-content\/uploads\/2020\/10\/close-up-phone-in-hands-with-wifi-symbol_small-768x576.jpg 768w, https:\/\/spd-stadtrat.de\/wp-content\/uploads\/2020\/10\/close-up-phone-in-hands-with-wifi-symbol_small-600x450.jpg 600w, https:\/\/spd-stadtrat.de\/wp-content\/uploads\/2020\/10\/close-up-phone-in-hands-with-wifi-symbol_small-1536x1152.jpg 1536w, https:\/\/spd-stadtrat.de\/wp-content\/uploads\/2020\/10\/close-up-phone-in-hands-with-wifi-symbol_small-2048x1536.jpg 2048w\" sizes=\"(max-width: 247px) 100vw, 247px\" \/><figcaption><em>Bald auch in Regensburg: Freies WLAN in Bussen und im \u00f6ffentlichen Raum [Bild: Freepik.com]<\/em><\/figcaption><\/figure>\n\n\n\n<p>Beschluss \u00fcber kostenfreies WLAN im \u00d6PNV und im \u00f6ffentlichen Raum\u00a0 auf der Agenda des Verwaltungs- und Finanzausschusses<\/p>\n\n\n\n<p><strong>\u201eEndlich tr\u00e4gt unser Antrag aus dem Jahr 2016 Fr\u00fcchte\u201c, freut sich der SPD-Fraktions\u00advorsitzender Dr. Thomas Burger. Nachdem im Jahr 2018 die Forderung der SPD-Frak\u00adtion nach kostenfreiem WLAN in Bussen oder an Haltestellen noch mit der Begr\u00fcndung, dieses Angebot trage nicht zur Attraktivit\u00e4tsverbesserung des \u00d6PNVs, von der Stadtspitze im Ausschuss abgelehnt wurde, werde nun mit der neuen Koalition nicht nur kostenfreies WLAN in Bussen, sondern auch im \u00f6ffentlichen Raum beschlossen.<\/strong><\/p>\n\n\n\n<p>Bereits im M\u00e4rz 2016 beantragte die SPD-Fraktion im Ausschuss f\u00fcr Verwaltung, Finanzen und Beteiligungen auf Initiative der Stadtr\u00e4tinnen Katja Vogel und MdL Margit Wild eine Pr\u00fcfung, ob und wie kostenfreies WLAN in Bussen oder an Haltestellen angeboten worden k\u00f6nne. \u201eIch war schon damals ein starker Unterst\u00fctzer dieser Idee, damit die Attraktivit\u00e4t des \u00f6ffentlichen Personennahverkehrs zu st\u00e4rken\u201c, so Dr.&nbsp;Burger. \u201eLeider wurde zwar die Pr\u00fcfung beschlossen, die Einf\u00fchrung aber 2018 im Ausschuss schlie\u00dflich bis auf weiteres zur\u00fcckgestellt.\u201c Eine Einf\u00fchrung von WLAN, das nicht fl\u00e4chendeckend sei, trage nicht zur Attraktivit\u00e4tssteigerung des \u00d6PNV bei, hie\u00df es damals im Ausschuss und konnte daher nicht durchgesetzt werden. Sogar die entsprechende F\u00f6rderung des Freistaats f\u00fcr die Ausstattung von 20 Bussen wurde damals nicht in Anspruch genommen.<\/p>\n\n\n\n<p>Mit der neuen Koalition um Oberb\u00fcrgermeisterin Gertrud Maltz-Schwarzfischer hat sich diese Sicht nun gewandelt. Jetzt steht nicht nur die Ausstattung von zun\u00e4chst 40 st\u00e4dtischen Bussen mit mobilem BayernWLAN an, sondern auch die WLAN-Versorgung von ausgew\u00e4hlten Standorten. Dazu z\u00e4hlen unter anderem die Hauptverkehrsachsen in der Altstadt, der Domplatz, die Steinerne Br\u00fccke und die Bushaltestellen an den beiden gro\u00dfen Hochschulen, am Donaueinkaufszentrum und an der Albertstra\u00dfe sowie das Areal der st\u00e4dtischen B\u00fccherei im Stadtosten. Die Umsetzung soll dabei zeitnah bis Ende Oktober 2021 erfolgen. F\u00fcr Dr. Burger ein guter Schritt in die richtige Richtung: \u201eDigitalisierung hat ohne gute Infrastruktur schlie\u00dflich keine Chance.\u201c<\/p>\n","protected":false},"excerpt":{"rendered":"<p>Regensburg, 19.10.2020 Beschluss \u00fcber kostenfreies WLAN im \u00d6PNV und im \u00f6ffentlichen Raum\u00a0 auf der Agenda des Verwaltungs- und Finanzausschusses \u201eEndlich tr\u00e4gt unser Antrag aus dem Jahr 2016 Fr\u00fcchte\u201c, freut sich der SPD-Fraktions\u00advorsitzender Dr. Thomas Burger. Nachdem im Jahr 2018 die<\/p>\n","protected":false},"author":6,"featured_media":0,"comment_status":"closed","ping_status":"open","sticky":false,"template":"","format":"standard","meta":{"ngg_post_thumbnail":0},"categories":[1],"tags":[],"jetpack_featured_media_url":"","_links":{"self":[{"href":"https:\/\/spd-stadtrat.de\/index.php?rest_route=\/wp\/v2\/posts\/4691"}],"collection":[{"href":"https:\/\/spd-stadtrat.de\/index.php?rest_route=\/wp\/v2\/posts"}],"about":[{"href":"https:\/\/spd-stadtrat.de\/index.php?rest_route=\/wp\/v2\/types\/post"}],"author":[{"embeddable":true,"href":"https:\/\/spd-stadtrat.de\/index.php?rest_route=\/wp\/v2\/users\/6"}],"replies":[{"embeddable":true,"href":"https:\/\/spd-stadtrat.de\/index.php?rest_route=%2Fwp%2Fv2%2Fcomments&post=4691"}],"version-history":[{"count":4,"href":"https:\/\/spd-stadtrat.de\/index.php?rest_route=\/wp\/v2\/posts\/4691\/revisions"}],"predecessor-version":[{"id":4696,"href":"https:\/\/spd-stadtrat.de\/index.php?rest_route=\/wp\/v2\/posts\/4691\/revisions\/4696"}],"wp:attachment":[{"href":"https:\/\/spd-stadtrat.de\/index.php?rest_route=%2Fwp%2Fv2%2Fmedia&parent=4691"}],"wp:term":[{"taxonomy":"category","embeddable":true,"href":"https:\/\/spd-stadtrat.de\/index.php?rest_route=%2Fwp%2Fv2%2Fcategories&post=4691"},{"taxonomy":"post_tag","embeddable":true,"href":"https:\/\/spd-stadtrat.de\/index.php?rest_route=%2Fwp%2Fv2%2Ftags&post=4691"}],"curies":[{"name":"wp","href":"https:\/\/api.w.org\/{rel}","templated":true}]}}