{"id":4701,"date":"2020-10-27T15:59:22","date_gmt":"2020-10-27T14:59:22","guid":{"rendered":"http:\/\/spd-stadtrat.de\/?p=4701"},"modified":"2020-10-27T15:59:23","modified_gmt":"2020-10-27T14:59:23","slug":"technische-massnahmen-zum-infektionsschutzgerechten-lueften-in-schulen","status":"publish","type":"post","link":"https:\/\/spd-stadtrat.de\/?p=4701","title":{"rendered":"Technische Ma\u00dfnahmen zum infektionsschutzgerechten L\u00fcften in Schulen"},"content":{"rendered":"\n<p class=\"has-text-align-right\">Regensburg, 27.10.2020<\/p>\n\n\n\n<figure class=\"wp-block-image size-large is-resized\"><img loading=\"lazy\" src=\"http:\/\/spd-stadtrat.de\/wp-content\/uploads\/2019\/07\/20190724_130245-1024x768.jpg\" alt=\"\" class=\"wp-image-3800\" width=\"312\" height=\"234\" srcset=\"https:\/\/spd-stadtrat.de\/wp-content\/uploads\/2019\/07\/20190724_130245-1024x768.jpg 1024w, https:\/\/spd-stadtrat.de\/wp-content\/uploads\/2019\/07\/20190724_130245-300x225.jpg 300w, https:\/\/spd-stadtrat.de\/wp-content\/uploads\/2019\/07\/20190724_130245-768x576.jpg 768w\" sizes=\"(max-width: 312px) 100vw, 312px\" \/><figcaption>Gesunde Luft im Klassenzimmer ist wichtig<\/figcaption><\/figure>\n\n\n\n<p>Ende letzter Woche hat das Bayerische Staatsministerium f\u00fcr Unterricht und Kultus eine Richtlinie zur F\u00f6rderung von Investitionskosten zur f\u00fcr technische Ma\u00dfnahmen zum infektionsschutzgerechten L\u00fcften in Schulen herausgegeben. Die Landtagsabgeordnete Margit Wild, Mitglied im Ausschuss f\u00fcr Bildung und Kultus, habe sich daraufhin sofort mit der SPD-Stadtratsfraktion in Verbindung gesetzt. \u201eAusgehend davon haben wir uns an Oberb\u00fcrgermeisterin Maltz-Schwarzfischer gewandt, um zu erfahren, welche Schulen in Regensburg f\u00fcr entsprechende technische Nachr\u00fcstungen in Frage kommen\u201c, so der SPD-Fraktionsvorsitzende Dr. Thomas Burger.<\/p>\n\n\n\n<p>Zudem m\u00f6chte die SPD-Fraktion wissen, welche Strategie die Stadt schon jetzt bez\u00fcglich des infektionsschutzgerechten L\u00fcftens in Schulen verfolgt und erforderliche Vorarbeiten und Pr\u00fcfungen in den Geb\u00e4uden bereits fortgeschritten sind. \u201eDer Infektionsschutz ist in der Stadt Regensburg auch unabh\u00e4ngig von der Herausgabe bayerischer Richtlinien bereits ganz oben auf der Tagesordnung\u201c, stellt Dr. Burger fest. Im Interesse der Gesundheit der Sch\u00fclerinnen und Sch\u00fcler seien schlie\u00dflich alle verf\u00fcgbaren Ma\u00dfnahmen auf ihre Zweckm\u00e4\u00dfigkeit und rasche Umsetzbarkeit zu untersuchen.<\/p>\n\n\n\n<p>Oberstes Ziel m\u00fcsse es letztendlich sein, den Schulunterricht auch in Corona-Zeiten weitestgehend in regul\u00e4ren Bahnen zu halten. \u201eDie Aufrechterhaltung des Pr\u00e4senzunterrichts in den Schulen ist sehr wichtig. Sehr wichtig ist aber auch, zumutbare Rahmenbedingungen zu schaffen. Frierende Sch\u00fclerinnen und Sch\u00fcler sowie Lehrkr\u00e4fte und somit gesundheitsgef\u00e4hrdende Zust\u00e4nde d\u00fcrfen nicht das Ergebnis von Infektionsschutzbem\u00fchungen sein. Deshalb ist es wichtig, zeitnah geeignete technische L\u00f6sungen zu installieren, die hier keine Gegens\u00e4tze erzeugen\u201c, betont Dr. Burger<\/p>\n","protected":false},"excerpt":{"rendered":"<p>Regensburg, 27.10.2020 Ende letzter Woche hat das Bayerische Staatsministerium f\u00fcr Unterricht und Kultus eine Richtlinie zur F\u00f6rderung von Investitionskosten zur f\u00fcr technische Ma\u00dfnahmen zum infektionsschutzgerechten L\u00fcften in Schulen herausgegeben. Die Landtagsabgeordnete Margit Wild, Mitglied im Ausschuss f\u00fcr Bildung und Kultus,<\/p>\n","protected":false},"author":6,"featured_media":0,"comment_status":"closed","ping_status":"open","sticky":false,"template":"","format":"standard","meta":{"ngg_post_thumbnail":0},"categories":[1],"tags":[],"jetpack_featured_media_url":"","_links":{"self":[{"href":"https:\/\/spd-stadtrat.de\/index.php?rest_route=\/wp\/v2\/posts\/4701"}],"collection":[{"href":"https:\/\/spd-stadtrat.de\/index.php?rest_route=\/wp\/v2\/posts"}],"about":[{"href":"https:\/\/spd-stadtrat.de\/index.php?rest_route=\/wp\/v2\/types\/post"}],"author":[{"embeddable":true,"href":"https:\/\/spd-stadtrat.de\/index.php?rest_route=\/wp\/v2\/users\/6"}],"replies":[{"embeddable":true,"href":"https:\/\/spd-stadtrat.de\/index.php?rest_route=%2Fwp%2Fv2%2Fcomments&post=4701"}],"version-history":[{"count":1,"href":"https:\/\/spd-stadtrat.de\/index.php?rest_route=\/wp\/v2\/posts\/4701\/revisions"}],"predecessor-version":[{"id":4702,"href":"https:\/\/spd-stadtrat.de\/index.php?rest_route=\/wp\/v2\/posts\/4701\/revisions\/4702"}],"wp:attachment":[{"href":"https:\/\/spd-stadtrat.de\/index.php?rest_route=%2Fwp%2Fv2%2Fmedia&parent=4701"}],"wp:term":[{"taxonomy":"category","embeddable":true,"href":"https:\/\/spd-stadtrat.de\/index.php?rest_route=%2Fwp%2Fv2%2Fcategories&post=4701"},{"taxonomy":"post_tag","embeddable":true,"href":"https:\/\/spd-stadtrat.de\/index.php?rest_route=%2Fwp%2Fv2%2Ftags&post=4701"}],"curies":[{"name":"wp","href":"https:\/\/api.w.org\/{rel}","templated":true}]}}