{"id":4839,"date":"2020-11-19T06:57:36","date_gmt":"2020-11-19T05:57:36","guid":{"rendered":"http:\/\/spd-stadtrat.de\/?p=4839"},"modified":"2020-11-19T06:58:04","modified_gmt":"2020-11-19T05:58:04","slug":"koalition-loest-versprechen-ein-keine-silvesterboellerei-im-welterbe","status":"publish","type":"post","link":"https:\/\/spd-stadtrat.de\/?p=4839","title":{"rendered":"Koalition l\u00f6st Versprechen ein: Keine Silvesterb\u00f6llerei im Welterbe"},"content":{"rendered":"\n<p class=\"has-text-align-right\">Regensburg, 18.11.2020<\/p>\n\n\n\n<p class=\"has-text-align-left\">Die Regensburger Koalition aus CSU, SPD, Freien W\u00e4hlern, FDP und CSB l\u00f6st ein Versprechen aus der Koalitionsvereinbarung zu 100 Prozent ein und setzt dem Abfeuern<br>von Silvesterfeuerwerk im Bereich des Weltkulturerbes ein Ende. Schon Silvester 2020 werden die Altstadt inklusive des umschlie\u00dfenden s\u00fcdlichen Gr\u00fcng\u00fcrtels, Stadtamhof, des Oberen und des Unteren W\u00f6hrds zur feuerwerksfreien Zone.<\/p>\n\n\n\n<figure class=\"wp-block-image size-large is-resized\"><img loading=\"lazy\" src=\"http:\/\/spd-stadtrat.de\/wp-content\/uploads\/2020\/11\/PK-Silvesterfeuerwerksverbot-1024x768.jpg\" alt=\"\" class=\"wp-image-4840\" width=\"453\" height=\"340\" srcset=\"https:\/\/spd-stadtrat.de\/wp-content\/uploads\/2020\/11\/PK-Silvesterfeuerwerksverbot-1024x768.jpg 1024w, https:\/\/spd-stadtrat.de\/wp-content\/uploads\/2020\/11\/PK-Silvesterfeuerwerksverbot-300x225.jpg 300w, https:\/\/spd-stadtrat.de\/wp-content\/uploads\/2020\/11\/PK-Silvesterfeuerwerksverbot-768x576.jpg 768w, https:\/\/spd-stadtrat.de\/wp-content\/uploads\/2020\/11\/PK-Silvesterfeuerwerksverbot-600x450.jpg 600w, https:\/\/spd-stadtrat.de\/wp-content\/uploads\/2020\/11\/PK-Silvesterfeuerwerksverbot-1536x1152.jpg 1536w, https:\/\/spd-stadtrat.de\/wp-content\/uploads\/2020\/11\/PK-Silvesterfeuerwerksverbot-2048x1536.jpg 2048w\" sizes=\"(max-width: 453px) 100vw, 453px\" \/><figcaption>Pressegespr\u00e4ch der Koalitionsspitze zum Feuerwerksverbot<\/figcaption><\/figure>\n\n\n\n<p class=\"has-text-align-left\">In der Pressekonferenz vor dem Alten Rathaus informieren die Koalition\u00e4re \u00fcber den Vollzug durch die Verwaltung: Zum Wohl von Mensch, Tier und Bausubstanz soll es in<br>der Innenstadt kein Silvesterfeuerwerk geben. Die Regensburger Verwaltung folgt damit vielen anderen bayerischen St\u00e4dten, in deren Innenst\u00e4dten das Abfeuern von Feuerwerk nicht gestattet ist. Grundlage f\u00fcr das Verbot sind die konkrete Gefahr f\u00fcr Leben und Gesundheit sowie die historische Bausubstanz.<\/p>\n\n\n\n<p class=\"has-text-align-left\">Im Zeitraum vom 31.12.2020 ab 20.00 Uhr bis 01.01.2021 um 3.00 Uhr wird das Abbrennen von Pyrotechnik und Feuerwerksk\u00f6rper in der Regensburger Altstadt mit dem umschlie\u00dfenden Gr\u00fcng\u00fcrtel untersagt. Der feuerwerksfreie Bereich besteht aus der Altstadt s\u00fcdlich der Donau innerhalb des Gr\u00fcng\u00fcrtels, der gebildet wird aus dem Herzogspark, der Prebrunnallee, der F\u00fcrst-Anselm-Allee, den Gr\u00fcnanlagen am Ernst-Reuter-Platz, an der Landshuter Stra\u00dfe und der Gabelsbergerstra\u00dfe und aus dem Villapark, sowie Stadtamhof, Oberem W\u00f6hrd und Unterem W\u00f6hrd.<\/p>\n\n\n\n<p class=\"has-text-align-left\">Gleichzeitig wird in der Silvesternacht vom 31.12.2020 ab 20.30 Uhr bis 01.01.2021 um 2.00 Uhr eine Sperrung entlang der Donau f\u00fcr Fahrzeuge aller Art und f\u00fcr Fu\u00dfg\u00e4nger verh\u00e4ngt. Gesperrt wird die Steinerne Br\u00fccke in Regensburg auf der S\u00fcdseite auf H\u00f6he S\u00fcdwestecke Salzstadel\/S\u00fcdostecke Amberger Stadel, auf der Nordseite am Br\u00fcckenende und auf der Abfahrt zum Oberen W\u00f6hrd auf H\u00f6he des \u00f6stlichen Endes des Anwesens M\u00fcllerstra\u00dfe 1 (Gastst\u00e4tte \u201eAlte Linde\u201c). Weiterhin wird der Fu\u00dfweg entlang der Donau unter der Steinernen Br\u00fccke von der Stra\u00dfe \u201eAm Schallern\u201c bis zur Eisernen Br\u00fccke gesperrt.<\/p>\n","protected":false},"excerpt":{"rendered":"<p>Regensburg, 18.11.2020 Die Regensburger Koalition aus CSU, SPD, Freien W\u00e4hlern, FDP und CSB l\u00f6st ein Versprechen aus der Koalitionsvereinbarung zu 100 Prozent ein und setzt dem Abfeuernvon Silvesterfeuerwerk im Bereich des Weltkulturerbes ein Ende. Schon Silvester 2020 werden die Altstadt<\/p>\n","protected":false},"author":6,"featured_media":0,"comment_status":"closed","ping_status":"open","sticky":false,"template":"","format":"standard","meta":{"ngg_post_thumbnail":0},"categories":[1],"tags":[],"jetpack_featured_media_url":"","_links":{"self":[{"href":"https:\/\/spd-stadtrat.de\/index.php?rest_route=\/wp\/v2\/posts\/4839"}],"collection":[{"href":"https:\/\/spd-stadtrat.de\/index.php?rest_route=\/wp\/v2\/posts"}],"about":[{"href":"https:\/\/spd-stadtrat.de\/index.php?rest_route=\/wp\/v2\/types\/post"}],"author":[{"embeddable":true,"href":"https:\/\/spd-stadtrat.de\/index.php?rest_route=\/wp\/v2\/users\/6"}],"replies":[{"embeddable":true,"href":"https:\/\/spd-stadtrat.de\/index.php?rest_route=%2Fwp%2Fv2%2Fcomments&post=4839"}],"version-history":[{"count":3,"href":"https:\/\/spd-stadtrat.de\/index.php?rest_route=\/wp\/v2\/posts\/4839\/revisions"}],"predecessor-version":[{"id":4843,"href":"https:\/\/spd-stadtrat.de\/index.php?rest_route=\/wp\/v2\/posts\/4839\/revisions\/4843"}],"wp:attachment":[{"href":"https:\/\/spd-stadtrat.de\/index.php?rest_route=%2Fwp%2Fv2%2Fmedia&parent=4839"}],"wp:term":[{"taxonomy":"category","embeddable":true,"href":"https:\/\/spd-stadtrat.de\/index.php?rest_route=%2Fwp%2Fv2%2Fcategories&post=4839"},{"taxonomy":"post_tag","embeddable":true,"href":"https:\/\/spd-stadtrat.de\/index.php?rest_route=%2Fwp%2Fv2%2Ftags&post=4839"}],"curies":[{"name":"wp","href":"https:\/\/api.w.org\/{rel}","templated":true}]}}