{"id":4844,"date":"2020-11-25T07:08:57","date_gmt":"2020-11-25T06:08:57","guid":{"rendered":"http:\/\/spd-stadtrat.de\/?p=4844"},"modified":"2020-11-25T07:08:58","modified_gmt":"2020-11-25T06:08:58","slug":"flaechen-zum-feiern","status":"publish","type":"post","link":"https:\/\/spd-stadtrat.de\/?p=4844","title":{"rendered":"Fl\u00e4chen zum Feiern"},"content":{"rendered":"\n<p class=\"has-text-align-right\">Regensburg, 23.11.2020<\/p>\n\n\n\n<p>Die Stadtratskoalition aus SPD, CSU, Freien W\u00e4hlern, FDP und CSB hat den Antrag gestellt,  die Stadtverwaltung Regensburg m\u00f6ge pr\u00fcfen, welche Fl\u00e4chen im Stadtgebiet von Regensburg sich als Partywiese bzw. Festivalgel\u00e4nde eignen und angeboten werden k\u00f6nnen. <\/p>\n\n\n\n<figure class=\"wp-block-image size-large is-resized\"><img loading=\"lazy\" src=\"http:\/\/spd-stadtrat.de\/wp-content\/uploads\/2020\/05\/2020-Burger-1024x768.jpg\" alt=\"\" class=\"wp-image-4182\" width=\"220\" height=\"165\" srcset=\"https:\/\/spd-stadtrat.de\/wp-content\/uploads\/2020\/05\/2020-Burger-1024x768.jpg 1024w, https:\/\/spd-stadtrat.de\/wp-content\/uploads\/2020\/05\/2020-Burger-300x225.jpg 300w, https:\/\/spd-stadtrat.de\/wp-content\/uploads\/2020\/05\/2020-Burger-768x576.jpg 768w, https:\/\/spd-stadtrat.de\/wp-content\/uploads\/2020\/05\/2020-Burger-600x450.jpg 600w, https:\/\/spd-stadtrat.de\/wp-content\/uploads\/2020\/05\/2020-Burger-1536x1152.jpg 1536w, https:\/\/spd-stadtrat.de\/wp-content\/uploads\/2020\/05\/2020-Burger-2048x1536.jpg 2048w\" sizes=\"(max-width: 220px) 100vw, 220px\" \/><figcaption>Dr. Thomas Burger<\/figcaption><\/figure>\n\n\n\n<p>Die Ergebnisse der Pr\u00fcfung sollen zeitnah vorliegen, so dass eine Nutzung ab dem Fr\u00fchjahr 2021 m\u00f6glich ist. <\/p>\n\n\n\n<p>Seit Jahren fehlt in Regensburg ein Gel\u00e4nde, auf dem insbesondere junge Menschen feiern und laut sein d\u00fcrfen ohne Anwohner zu belasten. Dieser Mangel wurde im vergangenen Sommer noch einmal besonders deutlich, als die Jugendlichen und jungen Erwachsenen wegen der Corona-Beschr\u00e4nkungen keine Clubs und Bars besuchen konnten.<br>Die Wintermonate sollen nun genutzt werden, um rechtzeitig zum Fr\u00fchjahr geeignete Freifl\u00e4chen anbieten zu k\u00f6nnen. <\/p>\n\n\n\n<p>Wir greifen damit damit einen weiteren Punkt aus unserer Koalitionsvereinbarung auf, in der festgehalten wurde:   &#8222;Wir bewahren bzw. schaffen gesch\u00fctzte R\u00e4ume f\u00fcr Jugendliche, in denen sie feiern und auch laut sein k\u00f6nnen.&#8220;<\/p>\n","protected":false},"excerpt":{"rendered":"<p>Regensburg, 23.11.2020 Die Stadtratskoalition aus SPD, CSU, Freien W\u00e4hlern, FDP und CSB hat den Antrag gestellt, die Stadtverwaltung Regensburg m\u00f6ge pr\u00fcfen, welche Fl\u00e4chen im Stadtgebiet von Regensburg sich als Partywiese bzw. Festivalgel\u00e4nde eignen und angeboten werden k\u00f6nnen. Die Ergebnisse der<\/p>\n","protected":false},"author":6,"featured_media":0,"comment_status":"closed","ping_status":"open","sticky":false,"template":"","format":"standard","meta":{"ngg_post_thumbnail":0},"categories":[1],"tags":[],"jetpack_featured_media_url":"","_links":{"self":[{"href":"https:\/\/spd-stadtrat.de\/index.php?rest_route=\/wp\/v2\/posts\/4844"}],"collection":[{"href":"https:\/\/spd-stadtrat.de\/index.php?rest_route=\/wp\/v2\/posts"}],"about":[{"href":"https:\/\/spd-stadtrat.de\/index.php?rest_route=\/wp\/v2\/types\/post"}],"author":[{"embeddable":true,"href":"https:\/\/spd-stadtrat.de\/index.php?rest_route=\/wp\/v2\/users\/6"}],"replies":[{"embeddable":true,"href":"https:\/\/spd-stadtrat.de\/index.php?rest_route=%2Fwp%2Fv2%2Fcomments&post=4844"}],"version-history":[{"count":1,"href":"https:\/\/spd-stadtrat.de\/index.php?rest_route=\/wp\/v2\/posts\/4844\/revisions"}],"predecessor-version":[{"id":4845,"href":"https:\/\/spd-stadtrat.de\/index.php?rest_route=\/wp\/v2\/posts\/4844\/revisions\/4845"}],"wp:attachment":[{"href":"https:\/\/spd-stadtrat.de\/index.php?rest_route=%2Fwp%2Fv2%2Fmedia&parent=4844"}],"wp:term":[{"taxonomy":"category","embeddable":true,"href":"https:\/\/spd-stadtrat.de\/index.php?rest_route=%2Fwp%2Fv2%2Fcategories&post=4844"},{"taxonomy":"post_tag","embeddable":true,"href":"https:\/\/spd-stadtrat.de\/index.php?rest_route=%2Fwp%2Fv2%2Ftags&post=4844"}],"curies":[{"name":"wp","href":"https:\/\/api.w.org\/{rel}","templated":true}]}}