{"id":4850,"date":"2020-12-01T14:36:58","date_gmt":"2020-12-01T13:36:58","guid":{"rendered":"http:\/\/spd-stadtrat.de\/?p=4850"},"modified":"2020-12-01T14:36:59","modified_gmt":"2020-12-01T13:36:59","slug":"geschwindigkeitsuebertretungen-in-wohnverkehrsstrassen","status":"publish","type":"post","link":"https:\/\/spd-stadtrat.de\/?p=4850","title":{"rendered":"Geschwindigkeits\u00fcbertretungen in Wohnverkehrsstra\u00dfen"},"content":{"rendered":"\n<p class=\"has-text-align-right\">Regensburg, 01.12.2020<\/p>\n\n\n\n<p>Immer wieder werden Beschwerden \u00fcber Geschwindigkeits\u00fcbertretungen in Wohngebieten und insbesondere in Wohnverkehrsstra\u00dfen an uns herangetragen.<\/p>\n\n\n\n<figure class=\"wp-block-image size-large is-resized\"><img loading=\"lazy\" src=\"https:\/\/spd-stadtrat.de\/wp-content\/uploads\/2020\/12\/20201201_122738-1024x768.jpg\" alt=\"\" class=\"wp-image-4852\" width=\"295\" height=\"221\" srcset=\"https:\/\/spd-stadtrat.de\/wp-content\/uploads\/2020\/12\/20201201_122738-1024x768.jpg 1024w, https:\/\/spd-stadtrat.de\/wp-content\/uploads\/2020\/12\/20201201_122738-300x225.jpg 300w, https:\/\/spd-stadtrat.de\/wp-content\/uploads\/2020\/12\/20201201_122738-768x576.jpg 768w, https:\/\/spd-stadtrat.de\/wp-content\/uploads\/2020\/12\/20201201_122738-600x450.jpg 600w, https:\/\/spd-stadtrat.de\/wp-content\/uploads\/2020\/12\/20201201_122738-1536x1152.jpg 1536w, https:\/\/spd-stadtrat.de\/wp-content\/uploads\/2020\/12\/20201201_122738-2048x1536.jpg 2048w\" sizes=\"(max-width: 295px) 100vw, 295px\" \/><\/figure>\n\n\n\n<p>In der letzten Woche erreichte uns ein Bericht \u00fcber die Situation in Burgweinting im Bereich Barbara-Blomberg-Stra\u00dfe, der Marie-H\u00f6hne-Stra\u00dfe und der Marie-Schandri-Stra\u00dfe.<\/p>\n\n\n\n<p>F\u00fcr eine Wohnverkehrsstra\u00dfe, in der lediglich Schrittgeschwindigkeit zul\u00e4ssig ist, wurden dort bei zwei Geschwindigkeitskontrollen Durchschnittsgeschwindigkeiten von 19,5 km\/h und 20,5 km\/h festgestellt.<\/p>\n\n\n\n<p>Die SPD-Fraktion hat dies zum Anlass genommen, bei der Verwaltung nachzufragen, welche Ma\u00dfnahmen zur Senkung des Geschwindigkeitsniveaus m\u00f6glich w\u00e4re.<\/p>\n\n\n\n<p>\u201eWenn Schwellen, die schon einmal bei einer Fahrradquerung im Inneren Westen zum Einsatz kamen, nicht m\u00f6glich sein sollten, sollte \u00fcberlegt werden, ob \u00e4hnlich wie in Tempo-30-Zonen Piktogramme als zus\u00e4tzliche Hinweise f\u00fcr den verkehrsberuhigten Bereich direkt auf die Fahrbahn aufgebracht werden k\u00f6nnten\u201c, schl\u00e4gt Stadtr\u00e4tin Kolbe-Stockert vor.<\/p>\n\n\n\n<p>\u201eW\u00fcnschenswert w\u00e4re es, in einem Modellversuch einmal verschiedene Dinge situationsangepasst auszuprobieren, weil es sich bei den zu hohen Geschwindigkeiten um ein Problem handelt, das mehr oder weniger ausgepr\u00e4gt in sehr vielen Wohnverkehrsbereichen im ganzen Stadtgebiet auftritt\u201c, erkl\u00e4rt Fraktionsvorsitzender Dr. Burger.<\/p>\n","protected":false},"excerpt":{"rendered":"<p>Regensburg, 01.12.2020 Immer wieder werden Beschwerden \u00fcber Geschwindigkeits\u00fcbertretungen in Wohngebieten und insbesondere in Wohnverkehrsstra\u00dfen an uns herangetragen. In der letzten Woche erreichte uns ein Bericht \u00fcber die Situation in Burgweinting im Bereich Barbara-Blomberg-Stra\u00dfe, der Marie-H\u00f6hne-Stra\u00dfe und der Marie-Schandri-Stra\u00dfe. F\u00fcr eine<\/p>\n","protected":false},"author":6,"featured_media":0,"comment_status":"closed","ping_status":"open","sticky":false,"template":"","format":"standard","meta":{"ngg_post_thumbnail":0},"categories":[1],"tags":[],"jetpack_featured_media_url":"","_links":{"self":[{"href":"https:\/\/spd-stadtrat.de\/index.php?rest_route=\/wp\/v2\/posts\/4850"}],"collection":[{"href":"https:\/\/spd-stadtrat.de\/index.php?rest_route=\/wp\/v2\/posts"}],"about":[{"href":"https:\/\/spd-stadtrat.de\/index.php?rest_route=\/wp\/v2\/types\/post"}],"author":[{"embeddable":true,"href":"https:\/\/spd-stadtrat.de\/index.php?rest_route=\/wp\/v2\/users\/6"}],"replies":[{"embeddable":true,"href":"https:\/\/spd-stadtrat.de\/index.php?rest_route=%2Fwp%2Fv2%2Fcomments&post=4850"}],"version-history":[{"count":2,"href":"https:\/\/spd-stadtrat.de\/index.php?rest_route=\/wp\/v2\/posts\/4850\/revisions"}],"predecessor-version":[{"id":4853,"href":"https:\/\/spd-stadtrat.de\/index.php?rest_route=\/wp\/v2\/posts\/4850\/revisions\/4853"}],"wp:attachment":[{"href":"https:\/\/spd-stadtrat.de\/index.php?rest_route=%2Fwp%2Fv2%2Fmedia&parent=4850"}],"wp:term":[{"taxonomy":"category","embeddable":true,"href":"https:\/\/spd-stadtrat.de\/index.php?rest_route=%2Fwp%2Fv2%2Fcategories&post=4850"},{"taxonomy":"post_tag","embeddable":true,"href":"https:\/\/spd-stadtrat.de\/index.php?rest_route=%2Fwp%2Fv2%2Ftags&post=4850"}],"curies":[{"name":"wp","href":"https:\/\/api.w.org\/{rel}","templated":true}]}}