{"id":4868,"date":"2020-12-09T09:44:56","date_gmt":"2020-12-09T08:44:56","guid":{"rendered":"http:\/\/spd-stadtrat.de\/?p=4868"},"modified":"2020-12-09T09:44:57","modified_gmt":"2020-12-09T08:44:57","slug":"ausbildungsoffensive-die-stadt-gestaltet-zukunft","status":"publish","type":"post","link":"https:\/\/spd-stadtrat.de\/?p=4868","title":{"rendered":"Ausbildungsoffensive \u2013 Die Stadt gestaltet Zukunft"},"content":{"rendered":"\n<p class=\"has-text-align-right\">Regensburg, 09.12.2020<\/p>\n\n\n\n<p>\u201eUm die Zukunft zu gestalten, setzen wir mit unserer Politik auf die Chancengestaltung f\u00fcr Kinder und Jugendliche\u201c, stellt SPD-Fraktionsvorsitzender Dr. Thomas Burger fest.<\/p>\n\n\n\n<figure class=\"wp-block-image size-large is-resized\"><img loading=\"lazy\" src=\"http:\/\/spd-stadtrat.de\/wp-content\/uploads\/2020\/05\/2020-Holler-1.jpg\" alt=\"\" class=\"wp-image-4302\" width=\"321\" height=\"241\" srcset=\"https:\/\/spd-stadtrat.de\/wp-content\/uploads\/2020\/05\/2020-Holler-1.jpg 1024w, https:\/\/spd-stadtrat.de\/wp-content\/uploads\/2020\/05\/2020-Holler-1-300x225.jpg 300w, https:\/\/spd-stadtrat.de\/wp-content\/uploads\/2020\/05\/2020-Holler-1-768x576.jpg 768w, https:\/\/spd-stadtrat.de\/wp-content\/uploads\/2020\/05\/2020-Holler-1-600x450.jpg 600w\" sizes=\"(max-width: 321px) 100vw, 321px\" \/><figcaption>Hans Holler <br>personalpolitischer Sprecher der SPD-Fraktion<\/figcaption><\/figure>\n\n\n\n<p>Diese Aussage trifft nicht nur auf die Bereiche Schule und fr\u00fchkindliche Bildung zu, sondern sie gilt auch f\u00fcr die Stadt als Arbeitgeberin.<\/p>\n\n\n\n<p>Gerade in der Krise ist die Stadt als \u00f6ffentliche Arbeitgeberin gefordert. \u201eWir leisten mit einer Ausbildungsinitiative zum Ausbildungsjahr 2021 mit 98 Ausbildungspl\u00e4tzen unseren Beitrag als Stadt, um jungen Menschen einen Einstieg ins Berufsleben zu erm\u00f6glichen\u201c, erkl\u00e4rt Stadtrat Hans Holler, der personalpolitische Sprecher der SPD-Fraktion. Gegen\u00fcber 2020 konnte die Zahl der Ausbildungspl\u00e4tze, die sich aktuell \u00fcber 12 Ausbildungsberufe und duale Studieng\u00e4nge verteilen, nochmals um rund 50 % gesteigert werden.<\/p>\n\n\n\n<p>\u201eDamit k\u00f6nnen sich die B\u00fcrgerinnen und B\u00fcrger auch langfristig auf eine leistungsf\u00e4hige Verwaltung mit hohem Ausbildungsniveau und Fachwissen verlassen\u201c, freut sich Dr. Burger.<\/p>\n","protected":false},"excerpt":{"rendered":"<p>Regensburg, 09.12.2020 \u201eUm die Zukunft zu gestalten, setzen wir mit unserer Politik auf die Chancengestaltung f\u00fcr Kinder und Jugendliche\u201c, stellt SPD-Fraktionsvorsitzender Dr. Thomas Burger fest. Diese Aussage trifft nicht nur auf die Bereiche Schule und fr\u00fchkindliche Bildung zu, sondern sie<\/p>\n","protected":false},"author":6,"featured_media":0,"comment_status":"closed","ping_status":"open","sticky":false,"template":"","format":"standard","meta":{"ngg_post_thumbnail":0},"categories":[1],"tags":[],"jetpack_featured_media_url":"","_links":{"self":[{"href":"https:\/\/spd-stadtrat.de\/index.php?rest_route=\/wp\/v2\/posts\/4868"}],"collection":[{"href":"https:\/\/spd-stadtrat.de\/index.php?rest_route=\/wp\/v2\/posts"}],"about":[{"href":"https:\/\/spd-stadtrat.de\/index.php?rest_route=\/wp\/v2\/types\/post"}],"author":[{"embeddable":true,"href":"https:\/\/spd-stadtrat.de\/index.php?rest_route=\/wp\/v2\/users\/6"}],"replies":[{"embeddable":true,"href":"https:\/\/spd-stadtrat.de\/index.php?rest_route=%2Fwp%2Fv2%2Fcomments&post=4868"}],"version-history":[{"count":2,"href":"https:\/\/spd-stadtrat.de\/index.php?rest_route=\/wp\/v2\/posts\/4868\/revisions"}],"predecessor-version":[{"id":4870,"href":"https:\/\/spd-stadtrat.de\/index.php?rest_route=\/wp\/v2\/posts\/4868\/revisions\/4870"}],"wp:attachment":[{"href":"https:\/\/spd-stadtrat.de\/index.php?rest_route=%2Fwp%2Fv2%2Fmedia&parent=4868"}],"wp:term":[{"taxonomy":"category","embeddable":true,"href":"https:\/\/spd-stadtrat.de\/index.php?rest_route=%2Fwp%2Fv2%2Fcategories&post=4868"},{"taxonomy":"post_tag","embeddable":true,"href":"https:\/\/spd-stadtrat.de\/index.php?rest_route=%2Fwp%2Fv2%2Ftags&post=4868"}],"curies":[{"name":"wp","href":"https:\/\/api.w.org\/{rel}","templated":true}]}}